{"id":304,"date":"2024-12-15T08:57:06","date_gmt":"2024-12-15T08:57:06","guid":{"rendered":"https:\/\/psoin.us.edu.pl\/?p=304"},"modified":"2025-07-03T11:12:21","modified_gmt":"2025-07-03T11:12:21","slug":"koleda-uniwersytecka-pt-pierwszej-wielkosci-gwiazda","status":"publish","type":"post","link":"https:\/\/psoin.us.edu.pl\/index.php\/2024\/12\/15\/koleda-uniwersytecka-pt-pierwszej-wielkosci-gwiazda\/","title":{"rendered":"Kol\u0119da uniwersytecka pt. \u201ePierwszej wielko\u015bci gwiazda\u201d"},"content":{"rendered":"\t\t<div data-elementor-type=\"wp-post\" data-elementor-id=\"304\" class=\"elementor elementor-304\" data-elementor-post-type=\"post\">\n\t\t\t\t<div class=\"elementor-element elementor-element-6ceafd2 e-flex e-con-boxed e-con e-parent\" data-id=\"6ceafd2\" data-element_type=\"container\" data-e-type=\"container\">\n\t\t\t\t\t<div class=\"e-con-inner\">\n\t\t\t\t<div class=\"elementor-element elementor-element-0065372 elementor-widget elementor-widget-text-editor\" data-id=\"0065372\" data-element_type=\"widget\" data-e-type=\"widget\" data-widget_type=\"text-editor.default\">\n\t\t\t\t<div class=\"elementor-widget-container\">\n\t\t\t\t\t\t\t\t\t<p>\u015awi\u0119ta tu\u017c tu\u017c, a razem z nimi czas na chwil\u0119 refleksji i odpoczynku.<\/p><p>W tym wyj\u0105tkowym okresie mamy zaszczyt zaprezentowa\u0107 Wam uniwersyteck\u0105 kol\u0119d\u0119 pt. \u201ePierwszej wielko\u015bci gwiazda\u201d. \u015awi\u0105teczny utw\u00f3r z humorem i ciep\u0142em opisuje nasz\u0105 rzeczywisto\u015b\u0107 akademick\u0105.<\/p><p>W tym szczeg\u00f3lnym czasie, gdzie gwiazda pierwszej wielko\u015bci l\u015bni na niebie, chcieliby\u015bmy z\u0142o\u017cy\u0107 Wam najserdeczniejsze \u017cyczenia \u2013 pe\u0142ne sukces\u00f3w naukowych, satysfakcji z pracy i \u017cycia wolnego od codziennego po\u015bpiechu.<\/p><p>Kol\u0119d\u0119 napisa\u0142 dr hab. Grzegorz Olsza\u0144ski, prof. U\u015a, a muzyk\u0119 do niej skomponowa\u0142 dr hab. Karol Pyka, prof. U\u015a.<\/p><p>Niech nadchodz\u0105ce \u015awi\u0119ta b\u0119d\u0105 czasem wytchnienia i rado\u015bci, a tak\u017ce przynios\u0105 spe\u0142nienie wszystkich marze\u0144, zar\u00f3wno tych akademickich, jak i osobistych.<\/p><p>Weso\u0142ych \u015awi\u0105t!<\/p>\t\t\t\t\t\t\t\t<\/div>\n\t\t\t\t<\/div>\n\t\t\t\t\t<\/div>\n\t\t\t\t<\/div>\n\t\t<div class=\"elementor-element elementor-element-50c6f07 e-flex e-con-boxed e-con e-parent\" data-id=\"50c6f07\" data-element_type=\"container\" data-e-type=\"container\">\n\t\t\t\t\t<div class=\"e-con-inner\">\n\t\t\t\t<div class=\"elementor-element elementor-element-59abec1 elementor-widget elementor-widget-video\" data-id=\"59abec1\" data-element_type=\"widget\" data-e-type=\"widget\" data-settings=\"{&quot;youtube_url&quot;:&quot;https:\\\/\\\/youtu.be\\\/7s0WCwmvo2E&quot;,&quot;loop&quot;:&quot;yes&quot;,&quot;video_type&quot;:&quot;youtube&quot;,&quot;controls&quot;:&quot;yes&quot;}\" data-widget_type=\"video.default\">\n\t\t\t\t<div class=\"elementor-widget-container\">\n\t\t\t\t\t\t\t<div class=\"elementor-wrapper elementor-open-inline\">\n\t\t\t<div class=\"elementor-video\"><\/div>\t\t<\/div>\n\t\t\t\t\t\t<\/div>\n\t\t\t\t<\/div>\n\t\t\t\t\t<\/div>\n\t\t\t\t<\/div>\n\t\t\t\t<\/div>\n\t\t","protected":false},"excerpt":{"rendered":"<p>\u015awi\u0119ta tu\u017c tu\u017c, a razem z nimi czas na chwil\u0119 refleksji i odpoczynku. W tym wyj\u0105tkowym okresie mamy zaszczyt zaprezentowa\u0107 Wam uniwersyteck\u0105 kol\u0119d\u0119 pt. \u201ePierwszej wielko\u015bci gwiazda\u201d. \u015awi\u0105teczny utw\u00f3r z humorem i ciep\u0142em opisuje nasz\u0105 rzeczywisto\u015b\u0107 akademick\u0105. W tym szczeg\u00f3lnym czasie, gdzie gwiazda pierwszej wielko\u015bci l\u015bni na niebie, chcieliby\u015bmy z\u0142o\u017cy\u0107 Wam najserdeczniejsze \u017cyczenia \u2013 pe\u0142ne [&hellip;]<\/p>\n","protected":false},"author":1,"featured_media":308,"comment_status":"closed","ping_status":"closed","sticky":false,"template":"","format":"standard","meta":{"footnotes":""},"categories":[4],"tags":[],"class_list":["post-304","post","type-post","status-publish","format-standard","has-post-thumbnail","hentry","category-wiadomosci"],"yoast_head":"<!-- This site is optimized with the Yoast SEO plugin v27.4 - https:\/\/yoast.com\/product\/yoast-seo-wordpress\/ -->\n<title>Kol\u0119da uniwersytecka pt. \u201ePierwszej wielko\u015bci gwiazda\u201d -<\/title>\n<meta name=\"robots\" content=\"index, follow, max-snippet:-1, max-image-preview:large, max-video-preview:-1\" \/>\n<link rel=\"canonical\" href=\"https:\/\/psoin.us.edu.pl\/index.php\/2024\/12\/15\/koleda-uniwersytecka-pt-pierwszej-wielkosci-gwiazda\/\" \/>\n<meta property=\"og:locale\" content=\"pl_PL\" \/>\n<meta property=\"og:type\" content=\"article\" \/>\n<meta property=\"og:title\" content=\"Kol\u0119da uniwersytecka pt. \u201ePierwszej wielko\u015bci gwiazda\u201d -\" \/>\n<meta property=\"og:description\" content=\"\u015awi\u0119ta tu\u017c tu\u017c, a razem z nimi czas na chwil\u0119 refleksji i odpoczynku. W tym wyj\u0105tkowym okresie mamy zaszczyt zaprezentowa\u0107 Wam uniwersyteck\u0105 kol\u0119d\u0119 pt. \u201ePierwszej wielko\u015bci gwiazda\u201d. \u015awi\u0105teczny utw\u00f3r z humorem i ciep\u0142em opisuje nasz\u0105 rzeczywisto\u015b\u0107 akademick\u0105. W tym szczeg\u00f3lnym czasie, gdzie gwiazda pierwszej wielko\u015bci l\u015bni na niebie, chcieliby\u015bmy z\u0142o\u017cy\u0107 Wam najserdeczniejsze \u017cyczenia \u2013 pe\u0142ne [&hellip;]\" \/>\n<meta property=\"og:url\" content=\"https:\/\/psoin.us.edu.pl\/index.php\/2024\/12\/15\/koleda-uniwersytecka-pt-pierwszej-wielkosci-gwiazda\/\" \/>\n<meta property=\"article:published_time\" content=\"2024-12-15T08:57:06+00:00\" \/>\n<meta property=\"article:modified_time\" content=\"2025-07-03T11:12:21+00:00\" \/>\n<meta property=\"og:image\" content=\"https:\/\/psoin.us.edu.pl\/wp-content\/uploads\/2025\/01\/koleda-Uniwersytecka-2024.png\" \/>\n\t<meta property=\"og:image:width\" content=\"1089\" \/>\n\t<meta property=\"og:image:height\" content=\"600\" \/>\n\t<meta property=\"og:image:type\" content=\"image\/png\" \/>\n<meta name=\"author\" content=\"admin\" \/>\n<meta name=\"twitter:card\" content=\"summary_large_image\" \/>\n<meta name=\"twitter:label1\" content=\"Napisane przez\" \/>\n\t<meta name=\"twitter:data1\" content=\"admin\" \/>\n\t<meta name=\"twitter:label2\" content=\"Szacowany czas czytania\" \/>\n\t<meta name=\"twitter:data2\" content=\"1 minuta\" \/>\n<script type=\"application\/ld+json\" class=\"yoast-schema-graph\">{\"@context\":\"https:\\\/\\\/schema.org\",\"@graph\":[{\"@type\":\"Article\",\"@id\":\"https:\\\/\\\/psoin.us.edu.pl\\\/index.php\\\/2024\\\/12\\\/15\\\/koleda-uniwersytecka-pt-pierwszej-wielkosci-gwiazda\\\/#article\",\"isPartOf\":{\"@id\":\"https:\\\/\\\/psoin.us.edu.pl\\\/index.php\\\/2024\\\/12\\\/15\\\/koleda-uniwersytecka-pt-pierwszej-wielkosci-gwiazda\\\/\"},\"author\":{\"name\":\"admin\",\"@id\":\"https:\\\/\\\/psoin.us.edu.pl\\\/#\\\/schema\\\/person\\\/21aa07e1301f9ce2bd363cad5ea8dfc7\"},\"headline\":\"Kol\u0119da uniwersytecka pt. \u201ePierwszej wielko\u015bci gwiazda\u201d\",\"datePublished\":\"2024-12-15T08:57:06+00:00\",\"dateModified\":\"2025-07-03T11:12:21+00:00\",\"mainEntityOfPage\":{\"@id\":\"https:\\\/\\\/psoin.us.edu.pl\\\/index.php\\\/2024\\\/12\\\/15\\\/koleda-uniwersytecka-pt-pierwszej-wielkosci-gwiazda\\\/\"},\"wordCount\":147,\"publisher\":{\"@id\":\"https:\\\/\\\/psoin.us.edu.pl\\\/#organization\"},\"image\":{\"@id\":\"https:\\\/\\\/psoin.us.edu.pl\\\/index.php\\\/2024\\\/12\\\/15\\\/koleda-uniwersytecka-pt-pierwszej-wielkosci-gwiazda\\\/#primaryimage\"},\"thumbnailUrl\":\"https:\\\/\\\/psoin.us.edu.pl\\\/wp-content\\\/uploads\\\/2025\\\/01\\\/koleda-Uniwersytecka-2024.png\",\"articleSection\":[\"wiadomo\u015bci\"],\"inLanguage\":\"pl-PL\"},{\"@type\":\"WebPage\",\"@id\":\"https:\\\/\\\/psoin.us.edu.pl\\\/index.php\\\/2024\\\/12\\\/15\\\/koleda-uniwersytecka-pt-pierwszej-wielkosci-gwiazda\\\/\",\"url\":\"https:\\\/\\\/psoin.us.edu.pl\\\/index.php\\\/2024\\\/12\\\/15\\\/koleda-uniwersytecka-pt-pierwszej-wielkosci-gwiazda\\\/\",\"name\":\"Kol\u0119da uniwersytecka pt. \u201ePierwszej wielko\u015bci gwiazda\u201d -\",\"isPartOf\":{\"@id\":\"https:\\\/\\\/psoin.us.edu.pl\\\/#website\"},\"primaryImageOfPage\":{\"@id\":\"https:\\\/\\\/psoin.us.edu.pl\\\/index.php\\\/2024\\\/12\\\/15\\\/koleda-uniwersytecka-pt-pierwszej-wielkosci-gwiazda\\\/#primaryimage\"},\"image\":{\"@id\":\"https:\\\/\\\/psoin.us.edu.pl\\\/index.php\\\/2024\\\/12\\\/15\\\/koleda-uniwersytecka-pt-pierwszej-wielkosci-gwiazda\\\/#primaryimage\"},\"thumbnailUrl\":\"https:\\\/\\\/psoin.us.edu.pl\\\/wp-content\\\/uploads\\\/2025\\\/01\\\/koleda-Uniwersytecka-2024.png\",\"datePublished\":\"2024-12-15T08:57:06+00:00\",\"dateModified\":\"2025-07-03T11:12:21+00:00\",\"breadcrumb\":{\"@id\":\"https:\\\/\\\/psoin.us.edu.pl\\\/index.php\\\/2024\\\/12\\\/15\\\/koleda-uniwersytecka-pt-pierwszej-wielkosci-gwiazda\\\/#breadcrumb\"},\"inLanguage\":\"pl-PL\",\"potentialAction\":[{\"@type\":\"ReadAction\",\"target\":[\"https:\\\/\\\/psoin.us.edu.pl\\\/index.php\\\/2024\\\/12\\\/15\\\/koleda-uniwersytecka-pt-pierwszej-wielkosci-gwiazda\\\/\"]}]},{\"@type\":\"ImageObject\",\"inLanguage\":\"pl-PL\",\"@id\":\"https:\\\/\\\/psoin.us.edu.pl\\\/index.php\\\/2024\\\/12\\\/15\\\/koleda-uniwersytecka-pt-pierwszej-wielkosci-gwiazda\\\/#primaryimage\",\"url\":\"https:\\\/\\\/psoin.us.edu.pl\\\/wp-content\\\/uploads\\\/2025\\\/01\\\/koleda-Uniwersytecka-2024.png\",\"contentUrl\":\"https:\\\/\\\/psoin.us.edu.pl\\\/wp-content\\\/uploads\\\/2025\\\/01\\\/koleda-Uniwersytecka-2024.png\",\"width\":1089,\"height\":600},{\"@type\":\"BreadcrumbList\",\"@id\":\"https:\\\/\\\/psoin.us.edu.pl\\\/index.php\\\/2024\\\/12\\\/15\\\/koleda-uniwersytecka-pt-pierwszej-wielkosci-gwiazda\\\/#breadcrumb\",\"itemListElement\":[{\"@type\":\"ListItem\",\"position\":1,\"name\":\"Strona g\u0142\u00f3wna\",\"item\":\"https:\\\/\\\/psoin.us.edu.pl\\\/\"},{\"@type\":\"ListItem\",\"position\":2,\"name\":\"Kol\u0119da uniwersytecka pt. \u201ePierwszej wielko\u015bci gwiazda\u201d\"}]},{\"@type\":\"WebSite\",\"@id\":\"https:\\\/\\\/psoin.us.edu.pl\\\/#website\",\"url\":\"https:\\\/\\\/psoin.us.edu.pl\\\/\",\"name\":\"Studia podyplomowe ochrona informacji niejawnych i administracja bezpiecze\u0144stwa informacji\",\"description\":\"\",\"publisher\":{\"@id\":\"https:\\\/\\\/psoin.us.edu.pl\\\/#organization\"},\"potentialAction\":[{\"@type\":\"SearchAction\",\"target\":{\"@type\":\"EntryPoint\",\"urlTemplate\":\"https:\\\/\\\/psoin.us.edu.pl\\\/?s={search_term_string}\"},\"query-input\":{\"@type\":\"PropertyValueSpecification\",\"valueRequired\":true,\"valueName\":\"search_term_string\"}}],\"inLanguage\":\"pl-PL\"},{\"@type\":\"Organization\",\"@id\":\"https:\\\/\\\/psoin.us.edu.pl\\\/#organization\",\"name\":\"Uniwersytet \u015al\u0105ski\",\"url\":\"https:\\\/\\\/psoin.us.edu.pl\\\/\",\"logo\":{\"@type\":\"ImageObject\",\"inLanguage\":\"pl-PL\",\"@id\":\"https:\\\/\\\/psoin.us.edu.pl\\\/#\\\/schema\\\/logo\\\/image\\\/\",\"url\":\"https:\\\/\\\/psoin.us.edu.pl\\\/wp-content\\\/uploads\\\/2025\\\/07\\\/cropped-2.png\",\"contentUrl\":\"https:\\\/\\\/psoin.us.edu.pl\\\/wp-content\\\/uploads\\\/2025\\\/07\\\/cropped-2.png\",\"width\":1792,\"height\":512,\"caption\":\"Uniwersytet \u015al\u0105ski\"},\"image\":{\"@id\":\"https:\\\/\\\/psoin.us.edu.pl\\\/#\\\/schema\\\/logo\\\/image\\\/\"}},{\"@type\":\"Person\",\"@id\":\"https:\\\/\\\/psoin.us.edu.pl\\\/#\\\/schema\\\/person\\\/21aa07e1301f9ce2bd363cad5ea8dfc7\",\"name\":\"admin\",\"image\":{\"@type\":\"ImageObject\",\"inLanguage\":\"pl-PL\",\"@id\":\"https:\\\/\\\/secure.gravatar.com\\\/avatar\\\/22d5d1a4f82c59dd075a47b348a3f15e2013f730285b64327a4518c4365bd9f4?s=96&d=mm&r=g\",\"url\":\"https:\\\/\\\/secure.gravatar.com\\\/avatar\\\/22d5d1a4f82c59dd075a47b348a3f15e2013f730285b64327a4518c4365bd9f4?s=96&d=mm&r=g\",\"contentUrl\":\"https:\\\/\\\/secure.gravatar.com\\\/avatar\\\/22d5d1a4f82c59dd075a47b348a3f15e2013f730285b64327a4518c4365bd9f4?s=96&d=mm&r=g\",\"caption\":\"admin\"},\"sameAs\":[\"https:\\\/\\\/psoin.new.us.edu.pl\"],\"url\":\"https:\\\/\\\/psoin.us.edu.pl\\\/index.php\\\/author\\\/psoin\\\/\"}]}<\/script>\n<!-- \/ Yoast SEO plugin. -->","yoast_head_json":{"title":"Kol\u0119da uniwersytecka pt. \u201ePierwszej wielko\u015bci gwiazda\u201d -","robots":{"index":"index","follow":"follow","max-snippet":"max-snippet:-1","max-image-preview":"max-image-preview:large","max-video-preview":"max-video-preview:-1"},"canonical":"https:\/\/psoin.us.edu.pl\/index.php\/2024\/12\/15\/koleda-uniwersytecka-pt-pierwszej-wielkosci-gwiazda\/","og_locale":"pl_PL","og_type":"article","og_title":"Kol\u0119da uniwersytecka pt. \u201ePierwszej wielko\u015bci gwiazda\u201d -","og_description":"\u015awi\u0119ta tu\u017c tu\u017c, a razem z nimi czas na chwil\u0119 refleksji i odpoczynku. W tym wyj\u0105tkowym okresie mamy zaszczyt zaprezentowa\u0107 Wam uniwersyteck\u0105 kol\u0119d\u0119 pt. \u201ePierwszej wielko\u015bci gwiazda\u201d. \u015awi\u0105teczny utw\u00f3r z humorem i ciep\u0142em opisuje nasz\u0105 rzeczywisto\u015b\u0107 akademick\u0105. W tym szczeg\u00f3lnym czasie, gdzie gwiazda pierwszej wielko\u015bci l\u015bni na niebie, chcieliby\u015bmy z\u0142o\u017cy\u0107 Wam najserdeczniejsze \u017cyczenia \u2013 pe\u0142ne [&hellip;]","og_url":"https:\/\/psoin.us.edu.pl\/index.php\/2024\/12\/15\/koleda-uniwersytecka-pt-pierwszej-wielkosci-gwiazda\/","article_published_time":"2024-12-15T08:57:06+00:00","article_modified_time":"2025-07-03T11:12:21+00:00","og_image":[{"width":1089,"height":600,"url":"https:\/\/psoin.us.edu.pl\/wp-content\/uploads\/2025\/01\/koleda-Uniwersytecka-2024.png","type":"image\/png"}],"author":"admin","twitter_card":"summary_large_image","twitter_misc":{"Napisane przez":"admin","Szacowany czas czytania":"1 minuta"},"schema":{"@context":"https:\/\/schema.org","@graph":[{"@type":"Article","@id":"https:\/\/psoin.us.edu.pl\/index.php\/2024\/12\/15\/koleda-uniwersytecka-pt-pierwszej-wielkosci-gwiazda\/#article","isPartOf":{"@id":"https:\/\/psoin.us.edu.pl\/index.php\/2024\/12\/15\/koleda-uniwersytecka-pt-pierwszej-wielkosci-gwiazda\/"},"author":{"name":"admin","@id":"https:\/\/psoin.us.edu.pl\/#\/schema\/person\/21aa07e1301f9ce2bd363cad5ea8dfc7"},"headline":"Kol\u0119da uniwersytecka pt. \u201ePierwszej wielko\u015bci gwiazda\u201d","datePublished":"2024-12-15T08:57:06+00:00","dateModified":"2025-07-03T11:12:21+00:00","mainEntityOfPage":{"@id":"https:\/\/psoin.us.edu.pl\/index.php\/2024\/12\/15\/koleda-uniwersytecka-pt-pierwszej-wielkosci-gwiazda\/"},"wordCount":147,"publisher":{"@id":"https:\/\/psoin.us.edu.pl\/#organization"},"image":{"@id":"https:\/\/psoin.us.edu.pl\/index.php\/2024\/12\/15\/koleda-uniwersytecka-pt-pierwszej-wielkosci-gwiazda\/#primaryimage"},"thumbnailUrl":"https:\/\/psoin.us.edu.pl\/wp-content\/uploads\/2025\/01\/koleda-Uniwersytecka-2024.png","articleSection":["wiadomo\u015bci"],"inLanguage":"pl-PL"},{"@type":"WebPage","@id":"https:\/\/psoin.us.edu.pl\/index.php\/2024\/12\/15\/koleda-uniwersytecka-pt-pierwszej-wielkosci-gwiazda\/","url":"https:\/\/psoin.us.edu.pl\/index.php\/2024\/12\/15\/koleda-uniwersytecka-pt-pierwszej-wielkosci-gwiazda\/","name":"Kol\u0119da uniwersytecka pt. \u201ePierwszej wielko\u015bci gwiazda\u201d -","isPartOf":{"@id":"https:\/\/psoin.us.edu.pl\/#website"},"primaryImageOfPage":{"@id":"https:\/\/psoin.us.edu.pl\/index.php\/2024\/12\/15\/koleda-uniwersytecka-pt-pierwszej-wielkosci-gwiazda\/#primaryimage"},"image":{"@id":"https:\/\/psoin.us.edu.pl\/index.php\/2024\/12\/15\/koleda-uniwersytecka-pt-pierwszej-wielkosci-gwiazda\/#primaryimage"},"thumbnailUrl":"https:\/\/psoin.us.edu.pl\/wp-content\/uploads\/2025\/01\/koleda-Uniwersytecka-2024.png","datePublished":"2024-12-15T08:57:06+00:00","dateModified":"2025-07-03T11:12:21+00:00","breadcrumb":{"@id":"https:\/\/psoin.us.edu.pl\/index.php\/2024\/12\/15\/koleda-uniwersytecka-pt-pierwszej-wielkosci-gwiazda\/#breadcrumb"},"inLanguage":"pl-PL","potentialAction":[{"@type":"ReadAction","target":["https:\/\/psoin.us.edu.pl\/index.php\/2024\/12\/15\/koleda-uniwersytecka-pt-pierwszej-wielkosci-gwiazda\/"]}]},{"@type":"ImageObject","inLanguage":"pl-PL","@id":"https:\/\/psoin.us.edu.pl\/index.php\/2024\/12\/15\/koleda-uniwersytecka-pt-pierwszej-wielkosci-gwiazda\/#primaryimage","url":"https:\/\/psoin.us.edu.pl\/wp-content\/uploads\/2025\/01\/koleda-Uniwersytecka-2024.png","contentUrl":"https:\/\/psoin.us.edu.pl\/wp-content\/uploads\/2025\/01\/koleda-Uniwersytecka-2024.png","width":1089,"height":600},{"@type":"BreadcrumbList","@id":"https:\/\/psoin.us.edu.pl\/index.php\/2024\/12\/15\/koleda-uniwersytecka-pt-pierwszej-wielkosci-gwiazda\/#breadcrumb","itemListElement":[{"@type":"ListItem","position":1,"name":"Strona g\u0142\u00f3wna","item":"https:\/\/psoin.us.edu.pl\/"},{"@type":"ListItem","position":2,"name":"Kol\u0119da uniwersytecka pt. \u201ePierwszej wielko\u015bci gwiazda\u201d"}]},{"@type":"WebSite","@id":"https:\/\/psoin.us.edu.pl\/#website","url":"https:\/\/psoin.us.edu.pl\/","name":"Studia podyplomowe ochrona informacji niejawnych i administracja bezpiecze\u0144stwa informacji","description":"","publisher":{"@id":"https:\/\/psoin.us.edu.pl\/#organization"},"potentialAction":[{"@type":"SearchAction","target":{"@type":"EntryPoint","urlTemplate":"https:\/\/psoin.us.edu.pl\/?s={search_term_string}"},"query-input":{"@type":"PropertyValueSpecification","valueRequired":true,"valueName":"search_term_string"}}],"inLanguage":"pl-PL"},{"@type":"Organization","@id":"https:\/\/psoin.us.edu.pl\/#organization","name":"Uniwersytet \u015al\u0105ski","url":"https:\/\/psoin.us.edu.pl\/","logo":{"@type":"ImageObject","inLanguage":"pl-PL","@id":"https:\/\/psoin.us.edu.pl\/#\/schema\/logo\/image\/","url":"https:\/\/psoin.us.edu.pl\/wp-content\/uploads\/2025\/07\/cropped-2.png","contentUrl":"https:\/\/psoin.us.edu.pl\/wp-content\/uploads\/2025\/07\/cropped-2.png","width":1792,"height":512,"caption":"Uniwersytet \u015al\u0105ski"},"image":{"@id":"https:\/\/psoin.us.edu.pl\/#\/schema\/logo\/image\/"}},{"@type":"Person","@id":"https:\/\/psoin.us.edu.pl\/#\/schema\/person\/21aa07e1301f9ce2bd363cad5ea8dfc7","name":"admin","image":{"@type":"ImageObject","inLanguage":"pl-PL","@id":"https:\/\/secure.gravatar.com\/avatar\/22d5d1a4f82c59dd075a47b348a3f15e2013f730285b64327a4518c4365bd9f4?s=96&d=mm&r=g","url":"https:\/\/secure.gravatar.com\/avatar\/22d5d1a4f82c59dd075a47b348a3f15e2013f730285b64327a4518c4365bd9f4?s=96&d=mm&r=g","contentUrl":"https:\/\/secure.gravatar.com\/avatar\/22d5d1a4f82c59dd075a47b348a3f15e2013f730285b64327a4518c4365bd9f4?s=96&d=mm&r=g","caption":"admin"},"sameAs":["https:\/\/psoin.new.us.edu.pl"],"url":"https:\/\/psoin.us.edu.pl\/index.php\/author\/psoin\/"}]}},"_links":{"self":[{"href":"https:\/\/psoin.us.edu.pl\/index.php\/wp-json\/wp\/v2\/posts\/304","targetHints":{"allow":["GET"]}}],"collection":[{"href":"https:\/\/psoin.us.edu.pl\/index.php\/wp-json\/wp\/v2\/posts"}],"about":[{"href":"https:\/\/psoin.us.edu.pl\/index.php\/wp-json\/wp\/v2\/types\/post"}],"author":[{"embeddable":true,"href":"https:\/\/psoin.us.edu.pl\/index.php\/wp-json\/wp\/v2\/users\/1"}],"replies":[{"embeddable":true,"href":"https:\/\/psoin.us.edu.pl\/index.php\/wp-json\/wp\/v2\/comments?post=304"}],"version-history":[{"count":4,"href":"https:\/\/psoin.us.edu.pl\/index.php\/wp-json\/wp\/v2\/posts\/304\/revisions"}],"predecessor-version":[{"id":309,"href":"https:\/\/psoin.us.edu.pl\/index.php\/wp-json\/wp\/v2\/posts\/304\/revisions\/309"}],"wp:featuredmedia":[{"embeddable":true,"href":"https:\/\/psoin.us.edu.pl\/index.php\/wp-json\/wp\/v2\/media\/308"}],"wp:attachment":[{"href":"https:\/\/psoin.us.edu.pl\/index.php\/wp-json\/wp\/v2\/media?parent=304"}],"wp:term":[{"taxonomy":"category","embeddable":true,"href":"https:\/\/psoin.us.edu.pl\/index.php\/wp-json\/wp\/v2\/categories?post=304"},{"taxonomy":"post_tag","embeddable":true,"href":"https:\/\/psoin.us.edu.pl\/index.php\/wp-json\/wp\/v2\/tags?post=304"}],"curies":[{"name":"wp","href":"https:\/\/api.w.org\/{rel}","templated":true}]}}