{"id":687,"date":"2025-09-23T11:14:12","date_gmt":"2025-09-23T11:14:12","guid":{"rendered":"https:\/\/psoin.us.edu.pl\/?p=687"},"modified":"2025-09-26T15:20:26","modified_gmt":"2025-09-26T15:20:26","slug":"inauguracja-roku-akademickiego-2025-2026","status":"publish","type":"post","link":"https:\/\/psoin.us.edu.pl\/index.php\/2025\/09\/23\/inauguracja-roku-akademickiego-2025-2026\/","title":{"rendered":"Inauguracja roku akademickiego 2025\/2026"},"content":{"rendered":"\t\t<div data-elementor-type=\"wp-post\" data-elementor-id=\"687\" class=\"elementor elementor-687\" data-elementor-post-type=\"post\">\n\t\t\t\t<div class=\"elementor-element elementor-element-3127409 e-flex e-con-boxed e-con e-parent\" data-id=\"3127409\" data-element_type=\"container\" data-e-type=\"container\">\n\t\t\t\t\t<div class=\"e-con-inner\">\n\t\t<div class=\"elementor-element elementor-element-968a530 e-con-full e-flex e-con e-child\" data-id=\"968a530\" data-element_type=\"container\" data-e-type=\"container\">\n\t\t\t\t<div class=\"elementor-element elementor-element-a4dfc12 elementor-widget elementor-widget-text-editor\" data-id=\"a4dfc12\" data-element_type=\"widget\" data-e-type=\"widget\" data-widget_type=\"text-editor.default\">\n\t\t\t\t<div class=\"elementor-widget-container\">\n\t\t\t\t\t\t\t\t\t<p>Uroczysta inauguracja roku akademickiego 2025\/2026 na Studiach podyplomowych Ochrona informacji niejawnych i administracja bezpiecze\u0144stwa informacji\u00a0 odb\u0119dzie si\u0119 18 pa\u017adziernika 2025 roku.<\/p><p><strong>Program wydarzenia:<\/strong><\/p><p>9.00 &#8211; 10.00 | Spotkanie organizacyjne z organizatorami Studi\u00f3w<\/p><p>10.00 &#8211; 10.30 | Inauguracja Studi\u00f3w<\/p><ul><li>wyst\u0105pienie Kierownika Studi\u00f3w Podyplomowych\u00a0<strong>dr Ma\u0142gorzata Gajos-Gr\u017eeti\u0107, prof. U\u015a<\/strong><\/li><li>wyst\u0105pienie Prorektora ds. Studenckich i Kszta\u0142cenia\u00a0<strong>dr Katarzyna Trynda, prof. U\u015a<\/strong><\/li><li>wyst\u0105pienie Kierownika Centrum Studi\u00f3w Podyplomowych\u00a0<strong>Pawe\u0142 Ziegler<\/strong><\/li><\/ul><p>10.30 | Zaj\u0119cia zgodnie z planem zaj\u0119\u0107<\/p><hr \/><p>Link do spotkania na MS Teams zostanie przes\u0142any drog\u0105 elektroniczn\u0105<\/p>\t\t\t\t\t\t\t\t<\/div>\n\t\t\t\t<\/div>\n\t\t\t\t<\/div>\n\t\t<div class=\"elementor-element elementor-element-0153dd4 e-con-full e-flex e-con e-child\" data-id=\"0153dd4\" data-element_type=\"container\" data-e-type=\"container\">\n\t\t\t\t<div class=\"elementor-element elementor-element-8f24af7 elementor-widget elementor-widget-image\" data-id=\"8f24af7\" data-element_type=\"widget\" data-e-type=\"widget\" data-widget_type=\"image.default\">\n\t\t\t\t<div class=\"elementor-widget-container\">\n\t\t\t\t\t\t\t\t\t\t\t\t\t\t\t<img fetchpriority=\"high\" decoding=\"async\" width=\"800\" height=\"600\" src=\"https:\/\/psoin.us.edu.pl\/wp-content\/uploads\/2025\/09\/biret.jpg\" class=\"attachment-large size-large wp-image-693\" alt=\"\" srcset=\"https:\/\/psoin.us.edu.pl\/wp-content\/uploads\/2025\/09\/biret.jpg 800w, https:\/\/psoin.us.edu.pl\/wp-content\/uploads\/2025\/09\/biret-300x225.jpg 300w, https:\/\/psoin.us.edu.pl\/wp-content\/uploads\/2025\/09\/biret-768x576.jpg 768w\" sizes=\"(max-width: 800px) 100vw, 800px\" \/>\t\t\t\t\t\t\t\t\t\t\t\t\t\t\t<\/div>\n\t\t\t\t<\/div>\n\t\t\t\t<\/div>\n\t\t\t\t\t<\/div>\n\t\t\t\t<\/div>\n\t\t<div class=\"elementor-element elementor-element-84848b9 e-flex e-con-boxed e-con e-parent\" data-id=\"84848b9\" data-element_type=\"container\" data-e-type=\"container\">\n\t\t\t\t\t<div class=\"e-con-inner\">\n\t\t\t\t<div class=\"elementor-element elementor-element-36b669a elementor-widget-divider--view-line elementor-widget elementor-widget-divider\" data-id=\"36b669a\" data-element_type=\"widget\" data-e-type=\"widget\" data-widget_type=\"divider.default\">\n\t\t\t\t<div class=\"elementor-widget-container\">\n\t\t\t\t\t\t\t<div class=\"elementor-divider\">\n\t\t\t<span class=\"elementor-divider-separator\">\n\t\t\t\t\t\t<\/span>\n\t\t<\/div>\n\t\t\t\t\t\t<\/div>\n\t\t\t\t<\/div>\n\t\t\t\t\t<\/div>\n\t\t\t\t<\/div>\n\t\t<div class=\"elementor-element elementor-element-4bc3345 e-flex e-con-boxed e-con e-parent\" data-id=\"4bc3345\" data-element_type=\"container\" data-e-type=\"container\">\n\t\t\t\t\t<div class=\"e-con-inner\">\n\t\t<div class=\"elementor-element elementor-element-a24e7ad e-con-full e-flex e-con e-child\" data-id=\"a24e7ad\" data-element_type=\"container\" data-e-type=\"container\">\n\t\t\t\t<\/div>\n\t\t<div class=\"elementor-element elementor-element-b90fa0a e-con-full e-flex e-con e-child\" data-id=\"b90fa0a\" data-element_type=\"container\" data-e-type=\"container\">\n\t\t\t\t<div class=\"elementor-element elementor-element-6b9687f elementor-widget elementor-widget-image\" data-id=\"6b9687f\" data-element_type=\"widget\" data-e-type=\"widget\" data-widget_type=\"image.default\">\n\t\t\t\t<div class=\"elementor-widget-container\">\n\t\t\t\t\t\t\t\t\t\t\t\t<figure class=\"wp-caption\">\n\t\t\t\t\t\t\t\t\t\t<img decoding=\"async\" width=\"800\" height=\"534\" src=\"https:\/\/psoin.us.edu.pl\/wp-content\/uploads\/2025\/09\/fot.-Szymon-Nawrat-Katowice-266-1024x683.jpg\" class=\"attachment-large size-large wp-image-692\" alt=\"\" srcset=\"https:\/\/psoin.us.edu.pl\/wp-content\/uploads\/2025\/09\/fot.-Szymon-Nawrat-Katowice-266-1024x683.jpg 1024w, https:\/\/psoin.us.edu.pl\/wp-content\/uploads\/2025\/09\/fot.-Szymon-Nawrat-Katowice-266-300x200.jpg 300w, https:\/\/psoin.us.edu.pl\/wp-content\/uploads\/2025\/09\/fot.-Szymon-Nawrat-Katowice-266-768x512.jpg 768w, https:\/\/psoin.us.edu.pl\/wp-content\/uploads\/2025\/09\/fot.-Szymon-Nawrat-Katowice-266.jpg 1200w\" sizes=\"(max-width: 800px) 100vw, 800px\" \/>\t\t\t\t\t\t\t\t\t\t\t<figcaption class=\"widget-image-caption wp-caption-text\">Studenci Uniwersytetu \u015al\u0105skiego przed budynkiem rektoratu w Katowicach<\/figcaption>\n\t\t\t\t\t\t\t\t\t\t<\/figure>\n\t\t\t\t\t\t\t\t\t<\/div>\n\t\t\t\t<\/div>\n\t\t\t\t<\/div>\n\t\t<div class=\"elementor-element elementor-element-660ea4f e-con-full e-flex e-con e-child\" data-id=\"660ea4f\" data-element_type=\"container\" data-e-type=\"container\">\n\t\t\t\t<\/div>\n\t\t\t\t\t<\/div>\n\t\t\t\t<\/div>\n\t\t\t\t<\/div>\n\t\t","protected":false},"excerpt":{"rendered":"<p>Uroczysta inauguracja roku akademickiego 2025\/2026 na Studiach podyplomowych Ochrona informacji niejawnych i administracja bezpiecze\u0144stwa informacji\u00a0 odb\u0119dzie si\u0119 18 pa\u017adziernika 2025 roku. Program wydarzenia: 9.00 &#8211; 10.00 | Spotkanie organizacyjne z organizatorami Studi\u00f3w 10.00 &#8211; 10.30 | Inauguracja Studi\u00f3w wyst\u0105pienie Kierownika Studi\u00f3w Podyplomowych\u00a0dr Ma\u0142gorzata Gajos-Gr\u017eeti\u0107, prof. U\u015a wyst\u0105pienie Prorektora ds. Studenckich i Kszta\u0142cenia\u00a0dr Katarzyna Trynda, prof. [&hellip;]<\/p>\n","protected":false},"author":1,"featured_media":693,"comment_status":"open","ping_status":"open","sticky":false,"template":"","format":"standard","meta":{"footnotes":""},"categories":[4],"tags":[],"class_list":["post-687","post","type-post","status-publish","format-standard","has-post-thumbnail","hentry","category-wiadomosci"],"yoast_head":"<!-- This site is optimized with the Yoast SEO plugin v27.4 - https:\/\/yoast.com\/product\/yoast-seo-wordpress\/ -->\n<title>Inauguracja roku akademickiego 2025\/2026 -<\/title>\n<meta name=\"robots\" content=\"index, follow, max-snippet:-1, max-image-preview:large, max-video-preview:-1\" \/>\n<link rel=\"canonical\" href=\"https:\/\/psoin.us.edu.pl\/index.php\/2025\/09\/23\/inauguracja-roku-akademickiego-2025-2026\/\" \/>\n<meta property=\"og:locale\" content=\"pl_PL\" \/>\n<meta property=\"og:type\" content=\"article\" \/>\n<meta property=\"og:title\" content=\"Inauguracja roku akademickiego 2025\/2026 -\" \/>\n<meta property=\"og:description\" content=\"Uroczysta inauguracja roku akademickiego 2025\/2026 na Studiach podyplomowych Ochrona informacji niejawnych i administracja bezpiecze\u0144stwa informacji\u00a0 odb\u0119dzie si\u0119 18 pa\u017adziernika 2025 roku. Program wydarzenia: 9.00 &#8211; 10.00 | Spotkanie organizacyjne z organizatorami Studi\u00f3w 10.00 &#8211; 10.30 | Inauguracja Studi\u00f3w wyst\u0105pienie Kierownika Studi\u00f3w Podyplomowych\u00a0dr Ma\u0142gorzata Gajos-Gr\u017eeti\u0107, prof. U\u015a wyst\u0105pienie Prorektora ds. Studenckich i Kszta\u0142cenia\u00a0dr Katarzyna Trynda, prof. [&hellip;]\" \/>\n<meta property=\"og:url\" content=\"https:\/\/psoin.us.edu.pl\/index.php\/2025\/09\/23\/inauguracja-roku-akademickiego-2025-2026\/\" \/>\n<meta property=\"article:published_time\" content=\"2025-09-23T11:14:12+00:00\" \/>\n<meta property=\"article:modified_time\" content=\"2025-09-26T15:20:26+00:00\" \/>\n<meta property=\"og:image\" content=\"https:\/\/psoin.us.edu.pl\/wp-content\/uploads\/2025\/09\/biret.jpg\" \/>\n\t<meta property=\"og:image:width\" content=\"800\" \/>\n\t<meta property=\"og:image:height\" content=\"600\" \/>\n\t<meta property=\"og:image:type\" content=\"image\/jpeg\" \/>\n<meta name=\"author\" content=\"admin\" \/>\n<meta name=\"twitter:card\" content=\"summary_large_image\" \/>\n<meta name=\"twitter:label1\" content=\"Napisane przez\" \/>\n\t<meta name=\"twitter:data1\" content=\"admin\" \/>\n\t<meta name=\"twitter:label2\" content=\"Szacowany czas czytania\" \/>\n\t<meta name=\"twitter:data2\" content=\"1 minuta\" \/>\n<script type=\"application\/ld+json\" class=\"yoast-schema-graph\">{\"@context\":\"https:\\\/\\\/schema.org\",\"@graph\":[{\"@type\":\"Article\",\"@id\":\"https:\\\/\\\/psoin.us.edu.pl\\\/index.php\\\/2025\\\/09\\\/23\\\/inauguracja-roku-akademickiego-2025-2026\\\/#article\",\"isPartOf\":{\"@id\":\"https:\\\/\\\/psoin.us.edu.pl\\\/index.php\\\/2025\\\/09\\\/23\\\/inauguracja-roku-akademickiego-2025-2026\\\/\"},\"author\":{\"name\":\"admin\",\"@id\":\"https:\\\/\\\/psoin.us.edu.pl\\\/#\\\/schema\\\/person\\\/21aa07e1301f9ce2bd363cad5ea8dfc7\"},\"headline\":\"Inauguracja roku akademickiego 2025\\\/2026\",\"datePublished\":\"2025-09-23T11:14:12+00:00\",\"dateModified\":\"2025-09-26T15:20:26+00:00\",\"mainEntityOfPage\":{\"@id\":\"https:\\\/\\\/psoin.us.edu.pl\\\/index.php\\\/2025\\\/09\\\/23\\\/inauguracja-roku-akademickiego-2025-2026\\\/\"},\"wordCount\":98,\"commentCount\":0,\"publisher\":{\"@id\":\"https:\\\/\\\/psoin.us.edu.pl\\\/#organization\"},\"image\":{\"@id\":\"https:\\\/\\\/psoin.us.edu.pl\\\/index.php\\\/2025\\\/09\\\/23\\\/inauguracja-roku-akademickiego-2025-2026\\\/#primaryimage\"},\"thumbnailUrl\":\"https:\\\/\\\/psoin.us.edu.pl\\\/wp-content\\\/uploads\\\/2025\\\/09\\\/biret.jpg\",\"articleSection\":[\"wiadomo\u015bci\"],\"inLanguage\":\"pl-PL\",\"potentialAction\":[{\"@type\":\"CommentAction\",\"name\":\"Comment\",\"target\":[\"https:\\\/\\\/psoin.us.edu.pl\\\/index.php\\\/2025\\\/09\\\/23\\\/inauguracja-roku-akademickiego-2025-2026\\\/#respond\"]}]},{\"@type\":\"WebPage\",\"@id\":\"https:\\\/\\\/psoin.us.edu.pl\\\/index.php\\\/2025\\\/09\\\/23\\\/inauguracja-roku-akademickiego-2025-2026\\\/\",\"url\":\"https:\\\/\\\/psoin.us.edu.pl\\\/index.php\\\/2025\\\/09\\\/23\\\/inauguracja-roku-akademickiego-2025-2026\\\/\",\"name\":\"Inauguracja roku akademickiego 2025\\\/2026 -\",\"isPartOf\":{\"@id\":\"https:\\\/\\\/psoin.us.edu.pl\\\/#website\"},\"primaryImageOfPage\":{\"@id\":\"https:\\\/\\\/psoin.us.edu.pl\\\/index.php\\\/2025\\\/09\\\/23\\\/inauguracja-roku-akademickiego-2025-2026\\\/#primaryimage\"},\"image\":{\"@id\":\"https:\\\/\\\/psoin.us.edu.pl\\\/index.php\\\/2025\\\/09\\\/23\\\/inauguracja-roku-akademickiego-2025-2026\\\/#primaryimage\"},\"thumbnailUrl\":\"https:\\\/\\\/psoin.us.edu.pl\\\/wp-content\\\/uploads\\\/2025\\\/09\\\/biret.jpg\",\"datePublished\":\"2025-09-23T11:14:12+00:00\",\"dateModified\":\"2025-09-26T15:20:26+00:00\",\"breadcrumb\":{\"@id\":\"https:\\\/\\\/psoin.us.edu.pl\\\/index.php\\\/2025\\\/09\\\/23\\\/inauguracja-roku-akademickiego-2025-2026\\\/#breadcrumb\"},\"inLanguage\":\"pl-PL\",\"potentialAction\":[{\"@type\":\"ReadAction\",\"target\":[\"https:\\\/\\\/psoin.us.edu.pl\\\/index.php\\\/2025\\\/09\\\/23\\\/inauguracja-roku-akademickiego-2025-2026\\\/\"]}]},{\"@type\":\"ImageObject\",\"inLanguage\":\"pl-PL\",\"@id\":\"https:\\\/\\\/psoin.us.edu.pl\\\/index.php\\\/2025\\\/09\\\/23\\\/inauguracja-roku-akademickiego-2025-2026\\\/#primaryimage\",\"url\":\"https:\\\/\\\/psoin.us.edu.pl\\\/wp-content\\\/uploads\\\/2025\\\/09\\\/biret.jpg\",\"contentUrl\":\"https:\\\/\\\/psoin.us.edu.pl\\\/wp-content\\\/uploads\\\/2025\\\/09\\\/biret.jpg\",\"width\":800,\"height\":600},{\"@type\":\"BreadcrumbList\",\"@id\":\"https:\\\/\\\/psoin.us.edu.pl\\\/index.php\\\/2025\\\/09\\\/23\\\/inauguracja-roku-akademickiego-2025-2026\\\/#breadcrumb\",\"itemListElement\":[{\"@type\":\"ListItem\",\"position\":1,\"name\":\"Strona g\u0142\u00f3wna\",\"item\":\"https:\\\/\\\/psoin.us.edu.pl\\\/\"},{\"@type\":\"ListItem\",\"position\":2,\"name\":\"Inauguracja roku akademickiego 2025\\\/2026\"}]},{\"@type\":\"WebSite\",\"@id\":\"https:\\\/\\\/psoin.us.edu.pl\\\/#website\",\"url\":\"https:\\\/\\\/psoin.us.edu.pl\\\/\",\"name\":\"Studia podyplomowe ochrona informacji niejawnych i administracja bezpiecze\u0144stwa informacji\",\"description\":\"\",\"publisher\":{\"@id\":\"https:\\\/\\\/psoin.us.edu.pl\\\/#organization\"},\"potentialAction\":[{\"@type\":\"SearchAction\",\"target\":{\"@type\":\"EntryPoint\",\"urlTemplate\":\"https:\\\/\\\/psoin.us.edu.pl\\\/?s={search_term_string}\"},\"query-input\":{\"@type\":\"PropertyValueSpecification\",\"valueRequired\":true,\"valueName\":\"search_term_string\"}}],\"inLanguage\":\"pl-PL\"},{\"@type\":\"Organization\",\"@id\":\"https:\\\/\\\/psoin.us.edu.pl\\\/#organization\",\"name\":\"Uniwersytet \u015al\u0105ski\",\"url\":\"https:\\\/\\\/psoin.us.edu.pl\\\/\",\"logo\":{\"@type\":\"ImageObject\",\"inLanguage\":\"pl-PL\",\"@id\":\"https:\\\/\\\/psoin.us.edu.pl\\\/#\\\/schema\\\/logo\\\/image\\\/\",\"url\":\"https:\\\/\\\/psoin.us.edu.pl\\\/wp-content\\\/uploads\\\/2025\\\/07\\\/cropped-2.png\",\"contentUrl\":\"https:\\\/\\\/psoin.us.edu.pl\\\/wp-content\\\/uploads\\\/2025\\\/07\\\/cropped-2.png\",\"width\":1792,\"height\":512,\"caption\":\"Uniwersytet \u015al\u0105ski\"},\"image\":{\"@id\":\"https:\\\/\\\/psoin.us.edu.pl\\\/#\\\/schema\\\/logo\\\/image\\\/\"}},{\"@type\":\"Person\",\"@id\":\"https:\\\/\\\/psoin.us.edu.pl\\\/#\\\/schema\\\/person\\\/21aa07e1301f9ce2bd363cad5ea8dfc7\",\"name\":\"admin\",\"image\":{\"@type\":\"ImageObject\",\"inLanguage\":\"pl-PL\",\"@id\":\"https:\\\/\\\/secure.gravatar.com\\\/avatar\\\/22d5d1a4f82c59dd075a47b348a3f15e2013f730285b64327a4518c4365bd9f4?s=96&d=mm&r=g\",\"url\":\"https:\\\/\\\/secure.gravatar.com\\\/avatar\\\/22d5d1a4f82c59dd075a47b348a3f15e2013f730285b64327a4518c4365bd9f4?s=96&d=mm&r=g\",\"contentUrl\":\"https:\\\/\\\/secure.gravatar.com\\\/avatar\\\/22d5d1a4f82c59dd075a47b348a3f15e2013f730285b64327a4518c4365bd9f4?s=96&d=mm&r=g\",\"caption\":\"admin\"},\"sameAs\":[\"https:\\\/\\\/psoin.new.us.edu.pl\"],\"url\":\"https:\\\/\\\/psoin.us.edu.pl\\\/index.php\\\/author\\\/psoin\\\/\"}]}<\/script>\n<!-- \/ Yoast SEO plugin. -->","yoast_head_json":{"title":"Inauguracja roku akademickiego 2025\/2026 -","robots":{"index":"index","follow":"follow","max-snippet":"max-snippet:-1","max-image-preview":"max-image-preview:large","max-video-preview":"max-video-preview:-1"},"canonical":"https:\/\/psoin.us.edu.pl\/index.php\/2025\/09\/23\/inauguracja-roku-akademickiego-2025-2026\/","og_locale":"pl_PL","og_type":"article","og_title":"Inauguracja roku akademickiego 2025\/2026 -","og_description":"Uroczysta inauguracja roku akademickiego 2025\/2026 na Studiach podyplomowych Ochrona informacji niejawnych i administracja bezpiecze\u0144stwa informacji\u00a0 odb\u0119dzie si\u0119 18 pa\u017adziernika 2025 roku. Program wydarzenia: 9.00 &#8211; 10.00 | Spotkanie organizacyjne z organizatorami Studi\u00f3w 10.00 &#8211; 10.30 | Inauguracja Studi\u00f3w wyst\u0105pienie Kierownika Studi\u00f3w Podyplomowych\u00a0dr Ma\u0142gorzata Gajos-Gr\u017eeti\u0107, prof. U\u015a wyst\u0105pienie Prorektora ds. Studenckich i Kszta\u0142cenia\u00a0dr Katarzyna Trynda, prof. [&hellip;]","og_url":"https:\/\/psoin.us.edu.pl\/index.php\/2025\/09\/23\/inauguracja-roku-akademickiego-2025-2026\/","article_published_time":"2025-09-23T11:14:12+00:00","article_modified_time":"2025-09-26T15:20:26+00:00","og_image":[{"width":800,"height":600,"url":"https:\/\/psoin.us.edu.pl\/wp-content\/uploads\/2025\/09\/biret.jpg","type":"image\/jpeg"}],"author":"admin","twitter_card":"summary_large_image","twitter_misc":{"Napisane przez":"admin","Szacowany czas czytania":"1 minuta"},"schema":{"@context":"https:\/\/schema.org","@graph":[{"@type":"Article","@id":"https:\/\/psoin.us.edu.pl\/index.php\/2025\/09\/23\/inauguracja-roku-akademickiego-2025-2026\/#article","isPartOf":{"@id":"https:\/\/psoin.us.edu.pl\/index.php\/2025\/09\/23\/inauguracja-roku-akademickiego-2025-2026\/"},"author":{"name":"admin","@id":"https:\/\/psoin.us.edu.pl\/#\/schema\/person\/21aa07e1301f9ce2bd363cad5ea8dfc7"},"headline":"Inauguracja roku akademickiego 2025\/2026","datePublished":"2025-09-23T11:14:12+00:00","dateModified":"2025-09-26T15:20:26+00:00","mainEntityOfPage":{"@id":"https:\/\/psoin.us.edu.pl\/index.php\/2025\/09\/23\/inauguracja-roku-akademickiego-2025-2026\/"},"wordCount":98,"commentCount":0,"publisher":{"@id":"https:\/\/psoin.us.edu.pl\/#organization"},"image":{"@id":"https:\/\/psoin.us.edu.pl\/index.php\/2025\/09\/23\/inauguracja-roku-akademickiego-2025-2026\/#primaryimage"},"thumbnailUrl":"https:\/\/psoin.us.edu.pl\/wp-content\/uploads\/2025\/09\/biret.jpg","articleSection":["wiadomo\u015bci"],"inLanguage":"pl-PL","potentialAction":[{"@type":"CommentAction","name":"Comment","target":["https:\/\/psoin.us.edu.pl\/index.php\/2025\/09\/23\/inauguracja-roku-akademickiego-2025-2026\/#respond"]}]},{"@type":"WebPage","@id":"https:\/\/psoin.us.edu.pl\/index.php\/2025\/09\/23\/inauguracja-roku-akademickiego-2025-2026\/","url":"https:\/\/psoin.us.edu.pl\/index.php\/2025\/09\/23\/inauguracja-roku-akademickiego-2025-2026\/","name":"Inauguracja roku akademickiego 2025\/2026 -","isPartOf":{"@id":"https:\/\/psoin.us.edu.pl\/#website"},"primaryImageOfPage":{"@id":"https:\/\/psoin.us.edu.pl\/index.php\/2025\/09\/23\/inauguracja-roku-akademickiego-2025-2026\/#primaryimage"},"image":{"@id":"https:\/\/psoin.us.edu.pl\/index.php\/2025\/09\/23\/inauguracja-roku-akademickiego-2025-2026\/#primaryimage"},"thumbnailUrl":"https:\/\/psoin.us.edu.pl\/wp-content\/uploads\/2025\/09\/biret.jpg","datePublished":"2025-09-23T11:14:12+00:00","dateModified":"2025-09-26T15:20:26+00:00","breadcrumb":{"@id":"https:\/\/psoin.us.edu.pl\/index.php\/2025\/09\/23\/inauguracja-roku-akademickiego-2025-2026\/#breadcrumb"},"inLanguage":"pl-PL","potentialAction":[{"@type":"ReadAction","target":["https:\/\/psoin.us.edu.pl\/index.php\/2025\/09\/23\/inauguracja-roku-akademickiego-2025-2026\/"]}]},{"@type":"ImageObject","inLanguage":"pl-PL","@id":"https:\/\/psoin.us.edu.pl\/index.php\/2025\/09\/23\/inauguracja-roku-akademickiego-2025-2026\/#primaryimage","url":"https:\/\/psoin.us.edu.pl\/wp-content\/uploads\/2025\/09\/biret.jpg","contentUrl":"https:\/\/psoin.us.edu.pl\/wp-content\/uploads\/2025\/09\/biret.jpg","width":800,"height":600},{"@type":"BreadcrumbList","@id":"https:\/\/psoin.us.edu.pl\/index.php\/2025\/09\/23\/inauguracja-roku-akademickiego-2025-2026\/#breadcrumb","itemListElement":[{"@type":"ListItem","position":1,"name":"Strona g\u0142\u00f3wna","item":"https:\/\/psoin.us.edu.pl\/"},{"@type":"ListItem","position":2,"name":"Inauguracja roku akademickiego 2025\/2026"}]},{"@type":"WebSite","@id":"https:\/\/psoin.us.edu.pl\/#website","url":"https:\/\/psoin.us.edu.pl\/","name":"Studia podyplomowe ochrona informacji niejawnych i administracja bezpiecze\u0144stwa informacji","description":"","publisher":{"@id":"https:\/\/psoin.us.edu.pl\/#organization"},"potentialAction":[{"@type":"SearchAction","target":{"@type":"EntryPoint","urlTemplate":"https:\/\/psoin.us.edu.pl\/?s={search_term_string}"},"query-input":{"@type":"PropertyValueSpecification","valueRequired":true,"valueName":"search_term_string"}}],"inLanguage":"pl-PL"},{"@type":"Organization","@id":"https:\/\/psoin.us.edu.pl\/#organization","name":"Uniwersytet \u015al\u0105ski","url":"https:\/\/psoin.us.edu.pl\/","logo":{"@type":"ImageObject","inLanguage":"pl-PL","@id":"https:\/\/psoin.us.edu.pl\/#\/schema\/logo\/image\/","url":"https:\/\/psoin.us.edu.pl\/wp-content\/uploads\/2025\/07\/cropped-2.png","contentUrl":"https:\/\/psoin.us.edu.pl\/wp-content\/uploads\/2025\/07\/cropped-2.png","width":1792,"height":512,"caption":"Uniwersytet \u015al\u0105ski"},"image":{"@id":"https:\/\/psoin.us.edu.pl\/#\/schema\/logo\/image\/"}},{"@type":"Person","@id":"https:\/\/psoin.us.edu.pl\/#\/schema\/person\/21aa07e1301f9ce2bd363cad5ea8dfc7","name":"admin","image":{"@type":"ImageObject","inLanguage":"pl-PL","@id":"https:\/\/secure.gravatar.com\/avatar\/22d5d1a4f82c59dd075a47b348a3f15e2013f730285b64327a4518c4365bd9f4?s=96&d=mm&r=g","url":"https:\/\/secure.gravatar.com\/avatar\/22d5d1a4f82c59dd075a47b348a3f15e2013f730285b64327a4518c4365bd9f4?s=96&d=mm&r=g","contentUrl":"https:\/\/secure.gravatar.com\/avatar\/22d5d1a4f82c59dd075a47b348a3f15e2013f730285b64327a4518c4365bd9f4?s=96&d=mm&r=g","caption":"admin"},"sameAs":["https:\/\/psoin.new.us.edu.pl"],"url":"https:\/\/psoin.us.edu.pl\/index.php\/author\/psoin\/"}]}},"_links":{"self":[{"href":"https:\/\/psoin.us.edu.pl\/index.php\/wp-json\/wp\/v2\/posts\/687","targetHints":{"allow":["GET"]}}],"collection":[{"href":"https:\/\/psoin.us.edu.pl\/index.php\/wp-json\/wp\/v2\/posts"}],"about":[{"href":"https:\/\/psoin.us.edu.pl\/index.php\/wp-json\/wp\/v2\/types\/post"}],"author":[{"embeddable":true,"href":"https:\/\/psoin.us.edu.pl\/index.php\/wp-json\/wp\/v2\/users\/1"}],"replies":[{"embeddable":true,"href":"https:\/\/psoin.us.edu.pl\/index.php\/wp-json\/wp\/v2\/comments?post=687"}],"version-history":[{"count":32,"href":"https:\/\/psoin.us.edu.pl\/index.php\/wp-json\/wp\/v2\/posts\/687\/revisions"}],"predecessor-version":[{"id":758,"href":"https:\/\/psoin.us.edu.pl\/index.php\/wp-json\/wp\/v2\/posts\/687\/revisions\/758"}],"wp:featuredmedia":[{"embeddable":true,"href":"https:\/\/psoin.us.edu.pl\/index.php\/wp-json\/wp\/v2\/media\/693"}],"wp:attachment":[{"href":"https:\/\/psoin.us.edu.pl\/index.php\/wp-json\/wp\/v2\/media?parent=687"}],"wp:term":[{"taxonomy":"category","embeddable":true,"href":"https:\/\/psoin.us.edu.pl\/index.php\/wp-json\/wp\/v2\/categories?post=687"},{"taxonomy":"post_tag","embeddable":true,"href":"https:\/\/psoin.us.edu.pl\/index.php\/wp-json\/wp\/v2\/tags?post=687"}],"curies":[{"name":"wp","href":"https:\/\/api.w.org\/{rel}","templated":true}]}}