{"id":760,"date":"2025-12-23T11:10:26","date_gmt":"2025-12-23T11:10:26","guid":{"rendered":"https:\/\/psoin.us.edu.pl\/?p=760"},"modified":"2025-12-23T11:14:46","modified_gmt":"2025-12-23T11:14:46","slug":"pokoj-i-milosc-zyczenia-rektora-na-swieta-bozego-narodzenia-i-nowy-rok-2026","status":"publish","type":"post","link":"https:\/\/psoin.us.edu.pl\/index.php\/2025\/12\/23\/pokoj-i-milosc-zyczenia-rektora-na-swieta-bozego-narodzenia-i-nowy-rok-2026\/","title":{"rendered":"Pok\u00f3j i mi\u0142o\u015b\u0107. \u017byczenia rektora na \u015awi\u0119ta Bo\u017cego Narodzenia i Nowy Rok 2026"},"content":{"rendered":"\t\t<div data-elementor-type=\"wp-post\" data-elementor-id=\"760\" class=\"elementor elementor-760\" data-elementor-post-type=\"post\">\n\t\t\t\t<div class=\"elementor-element elementor-element-ce62858 e-flex e-con-boxed e-con e-parent\" data-id=\"ce62858\" data-element_type=\"container\" data-e-type=\"container\">\n\t\t\t\t\t<div class=\"e-con-inner\">\n\t\t\t\t<div class=\"elementor-element elementor-element-6847089 elementor-widget elementor-widget-text-editor\" data-id=\"6847089\" data-element_type=\"widget\" data-e-type=\"widget\" data-widget_type=\"text-editor.default\">\n\t\t\t\t<div class=\"elementor-widget-container\">\n\t\t\t\t\t\t\t\t\t<p>Nadchodzi czas \u015bwi\u0105t Bo\u017cego Narodzenia i Nowego Roku. Tradycyjnie ju\u017c dwie si\u0142y \u2013 religia i rynek \u2013 rywalizuj\u0105 na naszych oczach o prawo do symbolicznego spadku po Wydarzeniu, jakim by\u0142y narodziny Jezusa. Trudno si\u0119 dziwi\u0107. Fundamenty Jego etyki, czyli pok\u00f3j i mi\u0142o\u015b\u0107, to dobra, kt\u00f3rych potrzebuje lub b\u0119dzie potrzebowa\u0142 ka\u017cdy. Niemniej, komercyjne lub doktrynalne zaw\u0142aszczenie ewangelicznego przekazu wielu z nas napawa rozczarowaniem i ostatecznie odsuwa od tego, co w nim wa\u017cne i trwa\u0142e, bez wzgl\u0119du na czas, miejsce i wyznawany \u015bwiatopogl\u0105d.<\/p><p>Uniwersytet wsp\u00f3\u0142czesny, z zasady apolityczny i neutralny ideologicznie, ostro\u017cnie uczestniczy w \u015bwi\u0105tecznych rytua\u0142ach, s\u0142usznie podejrzewaj\u0105c je o powierzchowno\u015b\u0107 b\u0105d\u017a instrumentalizacj\u0119. Zarazem nie nale\u017cy zapomina\u0107, \u017ce uniwersytety s\u0105 by\u0107 mo\u017ce najznakomitszym \u015bwieckim osi\u0105gni\u0119ciem cywilizacji chrze\u015bcija\u0144skiej. Tym bardziej, \u017ce sw\u00f3j sukces zawdzi\u0119czaj\u0105 nieskr\u0119powanej \u017cadnym dogmatem (poza prawd\u0105 naukow\u0105) wolno\u015bci my\u015blenia, m\u00f3wienia i nauczania.<\/p><p>W trudnej sztuce godzenia si\u0119 z w\u0142asn\u0105 przesz\u0142o\u015bci\u0105 ka\u017cdy z nas musi dokona\u0107 wyboru tego, co chce ponie\u015b\u0107 z sob\u0105 w przysz\u0142o\u015b\u0107, w przekonaniu, \u017ce dawne pozwoli ulepszy\u0107 nowe. Nie tylko dla po\u017cytku w\u0142asnego, ale wszystkich \u2013 bez wzgl\u0119du na to, jak my\u015bl\u0105 i w co wierz\u0105.<\/p><p>Maj\u0105c to na uwadze, bez wahania \u017cycz\u0119 Pa\u0144stwu pokoju, kt\u00f3ry dzi\u015b znaczy dla tak wielu ludzi po prostu \u017cycie bez wojny. Ale niech uspokojenia doznaj\u0105 r\u00f3wnie\u017c bezkrwawe konflikty, kt\u00f3re dziel\u0105 nas w spo\u0142ecze\u0144stwie, pracy czy rodzinie.<\/p><p>Jeszcze odwa\u017cniej \u017cycz\u0119 Wam mi\u0142o\u015bci. Nie tej wielkiej \u201eromantycznej\u201d ani tej beztroskiej z komedii. Zobowi\u0105zanie do mi\u0142owania ka\u017cdego, nawet nieprzyjaciela, jest najbardziej radykalnym nakazem etycznym w historii. \u017bycz\u0119 nam wszystkim, aby\u015bmy, cho\u0107 przez chwil\u0119, do\u015bwiadczyli na sobie jej dzia\u0142ania. Jest to bowiem dar absolutnej akceptacji tego, jakimi jeste\u015bmy; bez oceniania i poprawiania. Tylko mi\u0142o\u015b\u0107 jest do tego zdolna.<\/p><p>Tegoroczna kol\u0119da akademicka dost\u0119pna jest pod adresem:\u00a0<a href=\"https:\/\/us.edu.pl\/koleda-uniwersytecka-pt-jeszcze-raz-jak-co-rok\/\">us.edu.pl\/koleda-uniwersytecka-pt-jeszcze-raz-jak-co-rok<\/a>.<\/p><p>B\u0105d\u017acie zdrowi!<\/p><p>Ryszard Kozio\u0142ek<br \/>Rektor Uniwersytetu \u015al\u0105skiego<\/p>\t\t\t\t\t\t\t\t<\/div>\n\t\t\t\t<\/div>\n\t\t\t\t\t<\/div>\n\t\t\t\t<\/div>\n\t\t<div class=\"elementor-element elementor-element-1787d16 e-flex e-con-boxed e-con e-parent\" data-id=\"1787d16\" data-element_type=\"container\" data-e-type=\"container\">\n\t\t\t\t\t<div class=\"e-con-inner\">\n\t\t\t\t<div class=\"elementor-element elementor-element-9f06e9c elementor-widget elementor-widget-video\" data-id=\"9f06e9c\" data-element_type=\"widget\" data-e-type=\"widget\" data-settings=\"{&quot;youtube_url&quot;:&quot;https:\\\/\\\/youtu.be\\\/ycQufVWz44A&quot;,&quot;video_type&quot;:&quot;youtube&quot;,&quot;controls&quot;:&quot;yes&quot;}\" data-widget_type=\"video.default\">\n\t\t\t\t<div class=\"elementor-widget-container\">\n\t\t\t\t\t\t\t<div class=\"elementor-wrapper elementor-open-inline\">\n\t\t\t<div class=\"elementor-video\"><\/div>\t\t<\/div>\n\t\t\t\t\t\t<\/div>\n\t\t\t\t<\/div>\n\t\t\t\t\t<\/div>\n\t\t\t\t<\/div>\n\t\t\t\t<\/div>\n\t\t","protected":false},"excerpt":{"rendered":"<p>Nadchodzi czas \u015bwi\u0105t Bo\u017cego Narodzenia i Nowego Roku. Tradycyjnie ju\u017c dwie si\u0142y \u2013 religia i rynek \u2013 rywalizuj\u0105 na naszych oczach o prawo do symbolicznego spadku po Wydarzeniu, jakim by\u0142y narodziny Jezusa. Trudno si\u0119 dziwi\u0107. Fundamenty Jego etyki, czyli pok\u00f3j i mi\u0142o\u015b\u0107, to dobra, kt\u00f3rych potrzebuje lub b\u0119dzie potrzebowa\u0142 ka\u017cdy. Niemniej, komercyjne lub doktrynalne zaw\u0142aszczenie [&hellip;]<\/p>\n","protected":false},"author":1,"featured_media":765,"comment_status":"open","ping_status":"open","sticky":false,"template":"","format":"standard","meta":{"footnotes":""},"categories":[4],"tags":[],"class_list":["post-760","post","type-post","status-publish","format-standard","has-post-thumbnail","hentry","category-wiadomosci"],"yoast_head":"<!-- This site is optimized with the Yoast SEO plugin v27.4 - https:\/\/yoast.com\/product\/yoast-seo-wordpress\/ -->\n<title>Pok\u00f3j i mi\u0142o\u015b\u0107. \u017byczenia rektora na \u015awi\u0119ta Bo\u017cego Narodzenia i Nowy Rok 2026 -<\/title>\n<meta name=\"robots\" content=\"index, follow, max-snippet:-1, max-image-preview:large, max-video-preview:-1\" \/>\n<link rel=\"canonical\" href=\"https:\/\/psoin.us.edu.pl\/index.php\/2025\/12\/23\/pokoj-i-milosc-zyczenia-rektora-na-swieta-bozego-narodzenia-i-nowy-rok-2026\/\" \/>\n<meta property=\"og:locale\" content=\"pl_PL\" \/>\n<meta property=\"og:type\" content=\"article\" \/>\n<meta property=\"og:title\" content=\"Pok\u00f3j i mi\u0142o\u015b\u0107. \u017byczenia rektora na \u015awi\u0119ta Bo\u017cego Narodzenia i Nowy Rok 2026 -\" \/>\n<meta property=\"og:description\" content=\"Nadchodzi czas \u015bwi\u0105t Bo\u017cego Narodzenia i Nowego Roku. Tradycyjnie ju\u017c dwie si\u0142y \u2013 religia i rynek \u2013 rywalizuj\u0105 na naszych oczach o prawo do symbolicznego spadku po Wydarzeniu, jakim by\u0142y narodziny Jezusa. Trudno si\u0119 dziwi\u0107. Fundamenty Jego etyki, czyli pok\u00f3j i mi\u0142o\u015b\u0107, to dobra, kt\u00f3rych potrzebuje lub b\u0119dzie potrzebowa\u0142 ka\u017cdy. Niemniej, komercyjne lub doktrynalne zaw\u0142aszczenie [&hellip;]\" \/>\n<meta property=\"og:url\" content=\"https:\/\/psoin.us.edu.pl\/index.php\/2025\/12\/23\/pokoj-i-milosc-zyczenia-rektora-na-swieta-bozego-narodzenia-i-nowy-rok-2026\/\" \/>\n<meta property=\"article:published_time\" content=\"2025-12-23T11:10:26+00:00\" \/>\n<meta property=\"article:modified_time\" content=\"2025-12-23T11:14:46+00:00\" \/>\n<meta property=\"og:image\" content=\"https:\/\/psoin.us.edu.pl\/wp-content\/uploads\/2025\/12\/Kartka_Swiateczna_US.jpg\" \/>\n\t<meta property=\"og:image:width\" content=\"800\" \/>\n\t<meta property=\"og:image:height\" content=\"539\" \/>\n\t<meta property=\"og:image:type\" content=\"image\/jpeg\" \/>\n<meta name=\"author\" content=\"admin\" \/>\n<meta name=\"twitter:card\" content=\"summary_large_image\" \/>\n<meta name=\"twitter:label1\" content=\"Napisane przez\" \/>\n\t<meta name=\"twitter:data1\" content=\"admin\" \/>\n\t<meta name=\"twitter:label2\" content=\"Szacowany czas czytania\" \/>\n\t<meta name=\"twitter:data2\" content=\"2 minuty\" \/>\n<script type=\"application\/ld+json\" class=\"yoast-schema-graph\">{\"@context\":\"https:\\\/\\\/schema.org\",\"@graph\":[{\"@type\":\"Article\",\"@id\":\"https:\\\/\\\/psoin.us.edu.pl\\\/index.php\\\/2025\\\/12\\\/23\\\/pokoj-i-milosc-zyczenia-rektora-na-swieta-bozego-narodzenia-i-nowy-rok-2026\\\/#article\",\"isPartOf\":{\"@id\":\"https:\\\/\\\/psoin.us.edu.pl\\\/index.php\\\/2025\\\/12\\\/23\\\/pokoj-i-milosc-zyczenia-rektora-na-swieta-bozego-narodzenia-i-nowy-rok-2026\\\/\"},\"author\":{\"name\":\"admin\",\"@id\":\"https:\\\/\\\/psoin.us.edu.pl\\\/#\\\/schema\\\/person\\\/21aa07e1301f9ce2bd363cad5ea8dfc7\"},\"headline\":\"Pok\u00f3j i mi\u0142o\u015b\u0107. \u017byczenia rektora na \u015awi\u0119ta Bo\u017cego Narodzenia i Nowy Rok 2026\",\"datePublished\":\"2025-12-23T11:10:26+00:00\",\"dateModified\":\"2025-12-23T11:14:46+00:00\",\"mainEntityOfPage\":{\"@id\":\"https:\\\/\\\/psoin.us.edu.pl\\\/index.php\\\/2025\\\/12\\\/23\\\/pokoj-i-milosc-zyczenia-rektora-na-swieta-bozego-narodzenia-i-nowy-rok-2026\\\/\"},\"wordCount\":375,\"commentCount\":0,\"publisher\":{\"@id\":\"https:\\\/\\\/psoin.us.edu.pl\\\/#organization\"},\"image\":{\"@id\":\"https:\\\/\\\/psoin.us.edu.pl\\\/index.php\\\/2025\\\/12\\\/23\\\/pokoj-i-milosc-zyczenia-rektora-na-swieta-bozego-narodzenia-i-nowy-rok-2026\\\/#primaryimage\"},\"thumbnailUrl\":\"https:\\\/\\\/psoin.us.edu.pl\\\/wp-content\\\/uploads\\\/2025\\\/12\\\/Kartka_Swiateczna_US.jpg\",\"articleSection\":[\"wiadomo\u015bci\"],\"inLanguage\":\"pl-PL\",\"potentialAction\":[{\"@type\":\"CommentAction\",\"name\":\"Comment\",\"target\":[\"https:\\\/\\\/psoin.us.edu.pl\\\/index.php\\\/2025\\\/12\\\/23\\\/pokoj-i-milosc-zyczenia-rektora-na-swieta-bozego-narodzenia-i-nowy-rok-2026\\\/#respond\"]}]},{\"@type\":\"WebPage\",\"@id\":\"https:\\\/\\\/psoin.us.edu.pl\\\/index.php\\\/2025\\\/12\\\/23\\\/pokoj-i-milosc-zyczenia-rektora-na-swieta-bozego-narodzenia-i-nowy-rok-2026\\\/\",\"url\":\"https:\\\/\\\/psoin.us.edu.pl\\\/index.php\\\/2025\\\/12\\\/23\\\/pokoj-i-milosc-zyczenia-rektora-na-swieta-bozego-narodzenia-i-nowy-rok-2026\\\/\",\"name\":\"Pok\u00f3j i mi\u0142o\u015b\u0107. \u017byczenia rektora na \u015awi\u0119ta Bo\u017cego Narodzenia i Nowy Rok 2026 -\",\"isPartOf\":{\"@id\":\"https:\\\/\\\/psoin.us.edu.pl\\\/#website\"},\"primaryImageOfPage\":{\"@id\":\"https:\\\/\\\/psoin.us.edu.pl\\\/index.php\\\/2025\\\/12\\\/23\\\/pokoj-i-milosc-zyczenia-rektora-na-swieta-bozego-narodzenia-i-nowy-rok-2026\\\/#primaryimage\"},\"image\":{\"@id\":\"https:\\\/\\\/psoin.us.edu.pl\\\/index.php\\\/2025\\\/12\\\/23\\\/pokoj-i-milosc-zyczenia-rektora-na-swieta-bozego-narodzenia-i-nowy-rok-2026\\\/#primaryimage\"},\"thumbnailUrl\":\"https:\\\/\\\/psoin.us.edu.pl\\\/wp-content\\\/uploads\\\/2025\\\/12\\\/Kartka_Swiateczna_US.jpg\",\"datePublished\":\"2025-12-23T11:10:26+00:00\",\"dateModified\":\"2025-12-23T11:14:46+00:00\",\"breadcrumb\":{\"@id\":\"https:\\\/\\\/psoin.us.edu.pl\\\/index.php\\\/2025\\\/12\\\/23\\\/pokoj-i-milosc-zyczenia-rektora-na-swieta-bozego-narodzenia-i-nowy-rok-2026\\\/#breadcrumb\"},\"inLanguage\":\"pl-PL\",\"potentialAction\":[{\"@type\":\"ReadAction\",\"target\":[\"https:\\\/\\\/psoin.us.edu.pl\\\/index.php\\\/2025\\\/12\\\/23\\\/pokoj-i-milosc-zyczenia-rektora-na-swieta-bozego-narodzenia-i-nowy-rok-2026\\\/\"]}]},{\"@type\":\"ImageObject\",\"inLanguage\":\"pl-PL\",\"@id\":\"https:\\\/\\\/psoin.us.edu.pl\\\/index.php\\\/2025\\\/12\\\/23\\\/pokoj-i-milosc-zyczenia-rektora-na-swieta-bozego-narodzenia-i-nowy-rok-2026\\\/#primaryimage\",\"url\":\"https:\\\/\\\/psoin.us.edu.pl\\\/wp-content\\\/uploads\\\/2025\\\/12\\\/Kartka_Swiateczna_US.jpg\",\"contentUrl\":\"https:\\\/\\\/psoin.us.edu.pl\\\/wp-content\\\/uploads\\\/2025\\\/12\\\/Kartka_Swiateczna_US.jpg\",\"width\":800,\"height\":539},{\"@type\":\"BreadcrumbList\",\"@id\":\"https:\\\/\\\/psoin.us.edu.pl\\\/index.php\\\/2025\\\/12\\\/23\\\/pokoj-i-milosc-zyczenia-rektora-na-swieta-bozego-narodzenia-i-nowy-rok-2026\\\/#breadcrumb\",\"itemListElement\":[{\"@type\":\"ListItem\",\"position\":1,\"name\":\"Strona g\u0142\u00f3wna\",\"item\":\"https:\\\/\\\/psoin.us.edu.pl\\\/\"},{\"@type\":\"ListItem\",\"position\":2,\"name\":\"Pok\u00f3j i mi\u0142o\u015b\u0107. \u017byczenia rektora na \u015awi\u0119ta Bo\u017cego Narodzenia i Nowy Rok 2026\"}]},{\"@type\":\"WebSite\",\"@id\":\"https:\\\/\\\/psoin.us.edu.pl\\\/#website\",\"url\":\"https:\\\/\\\/psoin.us.edu.pl\\\/\",\"name\":\"Studia podyplomowe ochrona informacji niejawnych i administracja bezpiecze\u0144stwa informacji\",\"description\":\"\",\"publisher\":{\"@id\":\"https:\\\/\\\/psoin.us.edu.pl\\\/#organization\"},\"potentialAction\":[{\"@type\":\"SearchAction\",\"target\":{\"@type\":\"EntryPoint\",\"urlTemplate\":\"https:\\\/\\\/psoin.us.edu.pl\\\/?s={search_term_string}\"},\"query-input\":{\"@type\":\"PropertyValueSpecification\",\"valueRequired\":true,\"valueName\":\"search_term_string\"}}],\"inLanguage\":\"pl-PL\"},{\"@type\":\"Organization\",\"@id\":\"https:\\\/\\\/psoin.us.edu.pl\\\/#organization\",\"name\":\"Uniwersytet \u015al\u0105ski\",\"url\":\"https:\\\/\\\/psoin.us.edu.pl\\\/\",\"logo\":{\"@type\":\"ImageObject\",\"inLanguage\":\"pl-PL\",\"@id\":\"https:\\\/\\\/psoin.us.edu.pl\\\/#\\\/schema\\\/logo\\\/image\\\/\",\"url\":\"https:\\\/\\\/psoin.us.edu.pl\\\/wp-content\\\/uploads\\\/2025\\\/07\\\/cropped-2.png\",\"contentUrl\":\"https:\\\/\\\/psoin.us.edu.pl\\\/wp-content\\\/uploads\\\/2025\\\/07\\\/cropped-2.png\",\"width\":1792,\"height\":512,\"caption\":\"Uniwersytet \u015al\u0105ski\"},\"image\":{\"@id\":\"https:\\\/\\\/psoin.us.edu.pl\\\/#\\\/schema\\\/logo\\\/image\\\/\"}},{\"@type\":\"Person\",\"@id\":\"https:\\\/\\\/psoin.us.edu.pl\\\/#\\\/schema\\\/person\\\/21aa07e1301f9ce2bd363cad5ea8dfc7\",\"name\":\"admin\",\"image\":{\"@type\":\"ImageObject\",\"inLanguage\":\"pl-PL\",\"@id\":\"https:\\\/\\\/secure.gravatar.com\\\/avatar\\\/22d5d1a4f82c59dd075a47b348a3f15e2013f730285b64327a4518c4365bd9f4?s=96&d=mm&r=g\",\"url\":\"https:\\\/\\\/secure.gravatar.com\\\/avatar\\\/22d5d1a4f82c59dd075a47b348a3f15e2013f730285b64327a4518c4365bd9f4?s=96&d=mm&r=g\",\"contentUrl\":\"https:\\\/\\\/secure.gravatar.com\\\/avatar\\\/22d5d1a4f82c59dd075a47b348a3f15e2013f730285b64327a4518c4365bd9f4?s=96&d=mm&r=g\",\"caption\":\"admin\"},\"sameAs\":[\"https:\\\/\\\/psoin.new.us.edu.pl\"],\"url\":\"https:\\\/\\\/psoin.us.edu.pl\\\/index.php\\\/author\\\/psoin\\\/\"}]}<\/script>\n<!-- \/ Yoast SEO plugin. -->","yoast_head_json":{"title":"Pok\u00f3j i mi\u0142o\u015b\u0107. \u017byczenia rektora na \u015awi\u0119ta Bo\u017cego Narodzenia i Nowy Rok 2026 -","robots":{"index":"index","follow":"follow","max-snippet":"max-snippet:-1","max-image-preview":"max-image-preview:large","max-video-preview":"max-video-preview:-1"},"canonical":"https:\/\/psoin.us.edu.pl\/index.php\/2025\/12\/23\/pokoj-i-milosc-zyczenia-rektora-na-swieta-bozego-narodzenia-i-nowy-rok-2026\/","og_locale":"pl_PL","og_type":"article","og_title":"Pok\u00f3j i mi\u0142o\u015b\u0107. \u017byczenia rektora na \u015awi\u0119ta Bo\u017cego Narodzenia i Nowy Rok 2026 -","og_description":"Nadchodzi czas \u015bwi\u0105t Bo\u017cego Narodzenia i Nowego Roku. Tradycyjnie ju\u017c dwie si\u0142y \u2013 religia i rynek \u2013 rywalizuj\u0105 na naszych oczach o prawo do symbolicznego spadku po Wydarzeniu, jakim by\u0142y narodziny Jezusa. Trudno si\u0119 dziwi\u0107. Fundamenty Jego etyki, czyli pok\u00f3j i mi\u0142o\u015b\u0107, to dobra, kt\u00f3rych potrzebuje lub b\u0119dzie potrzebowa\u0142 ka\u017cdy. Niemniej, komercyjne lub doktrynalne zaw\u0142aszczenie [&hellip;]","og_url":"https:\/\/psoin.us.edu.pl\/index.php\/2025\/12\/23\/pokoj-i-milosc-zyczenia-rektora-na-swieta-bozego-narodzenia-i-nowy-rok-2026\/","article_published_time":"2025-12-23T11:10:26+00:00","article_modified_time":"2025-12-23T11:14:46+00:00","og_image":[{"width":800,"height":539,"url":"https:\/\/psoin.us.edu.pl\/wp-content\/uploads\/2025\/12\/Kartka_Swiateczna_US.jpg","type":"image\/jpeg"}],"author":"admin","twitter_card":"summary_large_image","twitter_misc":{"Napisane przez":"admin","Szacowany czas czytania":"2 minuty"},"schema":{"@context":"https:\/\/schema.org","@graph":[{"@type":"Article","@id":"https:\/\/psoin.us.edu.pl\/index.php\/2025\/12\/23\/pokoj-i-milosc-zyczenia-rektora-na-swieta-bozego-narodzenia-i-nowy-rok-2026\/#article","isPartOf":{"@id":"https:\/\/psoin.us.edu.pl\/index.php\/2025\/12\/23\/pokoj-i-milosc-zyczenia-rektora-na-swieta-bozego-narodzenia-i-nowy-rok-2026\/"},"author":{"name":"admin","@id":"https:\/\/psoin.us.edu.pl\/#\/schema\/person\/21aa07e1301f9ce2bd363cad5ea8dfc7"},"headline":"Pok\u00f3j i mi\u0142o\u015b\u0107. \u017byczenia rektora na \u015awi\u0119ta Bo\u017cego Narodzenia i Nowy Rok 2026","datePublished":"2025-12-23T11:10:26+00:00","dateModified":"2025-12-23T11:14:46+00:00","mainEntityOfPage":{"@id":"https:\/\/psoin.us.edu.pl\/index.php\/2025\/12\/23\/pokoj-i-milosc-zyczenia-rektora-na-swieta-bozego-narodzenia-i-nowy-rok-2026\/"},"wordCount":375,"commentCount":0,"publisher":{"@id":"https:\/\/psoin.us.edu.pl\/#organization"},"image":{"@id":"https:\/\/psoin.us.edu.pl\/index.php\/2025\/12\/23\/pokoj-i-milosc-zyczenia-rektora-na-swieta-bozego-narodzenia-i-nowy-rok-2026\/#primaryimage"},"thumbnailUrl":"https:\/\/psoin.us.edu.pl\/wp-content\/uploads\/2025\/12\/Kartka_Swiateczna_US.jpg","articleSection":["wiadomo\u015bci"],"inLanguage":"pl-PL","potentialAction":[{"@type":"CommentAction","name":"Comment","target":["https:\/\/psoin.us.edu.pl\/index.php\/2025\/12\/23\/pokoj-i-milosc-zyczenia-rektora-na-swieta-bozego-narodzenia-i-nowy-rok-2026\/#respond"]}]},{"@type":"WebPage","@id":"https:\/\/psoin.us.edu.pl\/index.php\/2025\/12\/23\/pokoj-i-milosc-zyczenia-rektora-na-swieta-bozego-narodzenia-i-nowy-rok-2026\/","url":"https:\/\/psoin.us.edu.pl\/index.php\/2025\/12\/23\/pokoj-i-milosc-zyczenia-rektora-na-swieta-bozego-narodzenia-i-nowy-rok-2026\/","name":"Pok\u00f3j i mi\u0142o\u015b\u0107. \u017byczenia rektora na \u015awi\u0119ta Bo\u017cego Narodzenia i Nowy Rok 2026 -","isPartOf":{"@id":"https:\/\/psoin.us.edu.pl\/#website"},"primaryImageOfPage":{"@id":"https:\/\/psoin.us.edu.pl\/index.php\/2025\/12\/23\/pokoj-i-milosc-zyczenia-rektora-na-swieta-bozego-narodzenia-i-nowy-rok-2026\/#primaryimage"},"image":{"@id":"https:\/\/psoin.us.edu.pl\/index.php\/2025\/12\/23\/pokoj-i-milosc-zyczenia-rektora-na-swieta-bozego-narodzenia-i-nowy-rok-2026\/#primaryimage"},"thumbnailUrl":"https:\/\/psoin.us.edu.pl\/wp-content\/uploads\/2025\/12\/Kartka_Swiateczna_US.jpg","datePublished":"2025-12-23T11:10:26+00:00","dateModified":"2025-12-23T11:14:46+00:00","breadcrumb":{"@id":"https:\/\/psoin.us.edu.pl\/index.php\/2025\/12\/23\/pokoj-i-milosc-zyczenia-rektora-na-swieta-bozego-narodzenia-i-nowy-rok-2026\/#breadcrumb"},"inLanguage":"pl-PL","potentialAction":[{"@type":"ReadAction","target":["https:\/\/psoin.us.edu.pl\/index.php\/2025\/12\/23\/pokoj-i-milosc-zyczenia-rektora-na-swieta-bozego-narodzenia-i-nowy-rok-2026\/"]}]},{"@type":"ImageObject","inLanguage":"pl-PL","@id":"https:\/\/psoin.us.edu.pl\/index.php\/2025\/12\/23\/pokoj-i-milosc-zyczenia-rektora-na-swieta-bozego-narodzenia-i-nowy-rok-2026\/#primaryimage","url":"https:\/\/psoin.us.edu.pl\/wp-content\/uploads\/2025\/12\/Kartka_Swiateczna_US.jpg","contentUrl":"https:\/\/psoin.us.edu.pl\/wp-content\/uploads\/2025\/12\/Kartka_Swiateczna_US.jpg","width":800,"height":539},{"@type":"BreadcrumbList","@id":"https:\/\/psoin.us.edu.pl\/index.php\/2025\/12\/23\/pokoj-i-milosc-zyczenia-rektora-na-swieta-bozego-narodzenia-i-nowy-rok-2026\/#breadcrumb","itemListElement":[{"@type":"ListItem","position":1,"name":"Strona g\u0142\u00f3wna","item":"https:\/\/psoin.us.edu.pl\/"},{"@type":"ListItem","position":2,"name":"Pok\u00f3j i mi\u0142o\u015b\u0107. \u017byczenia rektora na \u015awi\u0119ta Bo\u017cego Narodzenia i Nowy Rok 2026"}]},{"@type":"WebSite","@id":"https:\/\/psoin.us.edu.pl\/#website","url":"https:\/\/psoin.us.edu.pl\/","name":"Studia podyplomowe ochrona informacji niejawnych i administracja bezpiecze\u0144stwa informacji","description":"","publisher":{"@id":"https:\/\/psoin.us.edu.pl\/#organization"},"potentialAction":[{"@type":"SearchAction","target":{"@type":"EntryPoint","urlTemplate":"https:\/\/psoin.us.edu.pl\/?s={search_term_string}"},"query-input":{"@type":"PropertyValueSpecification","valueRequired":true,"valueName":"search_term_string"}}],"inLanguage":"pl-PL"},{"@type":"Organization","@id":"https:\/\/psoin.us.edu.pl\/#organization","name":"Uniwersytet \u015al\u0105ski","url":"https:\/\/psoin.us.edu.pl\/","logo":{"@type":"ImageObject","inLanguage":"pl-PL","@id":"https:\/\/psoin.us.edu.pl\/#\/schema\/logo\/image\/","url":"https:\/\/psoin.us.edu.pl\/wp-content\/uploads\/2025\/07\/cropped-2.png","contentUrl":"https:\/\/psoin.us.edu.pl\/wp-content\/uploads\/2025\/07\/cropped-2.png","width":1792,"height":512,"caption":"Uniwersytet \u015al\u0105ski"},"image":{"@id":"https:\/\/psoin.us.edu.pl\/#\/schema\/logo\/image\/"}},{"@type":"Person","@id":"https:\/\/psoin.us.edu.pl\/#\/schema\/person\/21aa07e1301f9ce2bd363cad5ea8dfc7","name":"admin","image":{"@type":"ImageObject","inLanguage":"pl-PL","@id":"https:\/\/secure.gravatar.com\/avatar\/22d5d1a4f82c59dd075a47b348a3f15e2013f730285b64327a4518c4365bd9f4?s=96&d=mm&r=g","url":"https:\/\/secure.gravatar.com\/avatar\/22d5d1a4f82c59dd075a47b348a3f15e2013f730285b64327a4518c4365bd9f4?s=96&d=mm&r=g","contentUrl":"https:\/\/secure.gravatar.com\/avatar\/22d5d1a4f82c59dd075a47b348a3f15e2013f730285b64327a4518c4365bd9f4?s=96&d=mm&r=g","caption":"admin"},"sameAs":["https:\/\/psoin.new.us.edu.pl"],"url":"https:\/\/psoin.us.edu.pl\/index.php\/author\/psoin\/"}]}},"_links":{"self":[{"href":"https:\/\/psoin.us.edu.pl\/index.php\/wp-json\/wp\/v2\/posts\/760","targetHints":{"allow":["GET"]}}],"collection":[{"href":"https:\/\/psoin.us.edu.pl\/index.php\/wp-json\/wp\/v2\/posts"}],"about":[{"href":"https:\/\/psoin.us.edu.pl\/index.php\/wp-json\/wp\/v2\/types\/post"}],"author":[{"embeddable":true,"href":"https:\/\/psoin.us.edu.pl\/index.php\/wp-json\/wp\/v2\/users\/1"}],"replies":[{"embeddable":true,"href":"https:\/\/psoin.us.edu.pl\/index.php\/wp-json\/wp\/v2\/comments?post=760"}],"version-history":[{"count":5,"href":"https:\/\/psoin.us.edu.pl\/index.php\/wp-json\/wp\/v2\/posts\/760\/revisions"}],"predecessor-version":[{"id":766,"href":"https:\/\/psoin.us.edu.pl\/index.php\/wp-json\/wp\/v2\/posts\/760\/revisions\/766"}],"wp:featuredmedia":[{"embeddable":true,"href":"https:\/\/psoin.us.edu.pl\/index.php\/wp-json\/wp\/v2\/media\/765"}],"wp:attachment":[{"href":"https:\/\/psoin.us.edu.pl\/index.php\/wp-json\/wp\/v2\/media?parent=760"}],"wp:term":[{"taxonomy":"category","embeddable":true,"href":"https:\/\/psoin.us.edu.pl\/index.php\/wp-json\/wp\/v2\/categories?post=760"},{"taxonomy":"post_tag","embeddable":true,"href":"https:\/\/psoin.us.edu.pl\/index.php\/wp-json\/wp\/v2\/tags?post=760"}],"curies":[{"name":"wp","href":"https:\/\/api.w.org\/{rel}","templated":true}]}}