{"id":769,"date":"2026-03-30T11:33:22","date_gmt":"2026-03-30T11:33:22","guid":{"rendered":"https:\/\/psoin.us.edu.pl\/?p=769"},"modified":"2026-03-30T11:36:55","modified_gmt":"2026-03-30T11:36:55","slug":"zyczenia-rektora-us-z-okazji-swiat-wielkanocnych","status":"publish","type":"post","link":"https:\/\/psoin.us.edu.pl\/index.php\/2026\/03\/30\/zyczenia-rektora-us-z-okazji-swiat-wielkanocnych\/","title":{"rendered":"\u017byczenia rektora U\u015a z okazji \u015awi\u0105t Wielkanocnych"},"content":{"rendered":"\t\t<div data-elementor-type=\"wp-post\" data-elementor-id=\"769\" class=\"elementor elementor-769\" data-elementor-post-type=\"post\">\n\t\t\t\t<div class=\"elementor-element elementor-element-966078f e-flex e-con-boxed e-con e-parent\" data-id=\"966078f\" data-element_type=\"container\" data-e-type=\"container\">\n\t\t\t\t\t<div class=\"e-con-inner\">\n\t\t\t\t<div class=\"elementor-element elementor-element-798c079 elementor-widget elementor-widget-image\" data-id=\"798c079\" data-element_type=\"widget\" data-e-type=\"widget\" data-widget_type=\"image.default\">\n\t\t\t\t<div class=\"elementor-widget-container\">\n\t\t\t\t\t\t\t\t\t\t\t\t\t\t\t<img fetchpriority=\"high\" decoding=\"async\" width=\"724\" height=\"1024\" src=\"https:\/\/psoin.us.edu.pl\/wp-content\/uploads\/2026\/03\/2026_US_Wielkanoc-FINAL_online-724x1024.png\" class=\"attachment-large size-large wp-image-770\" alt=\"\" srcset=\"https:\/\/psoin.us.edu.pl\/wp-content\/uploads\/2026\/03\/2026_US_Wielkanoc-FINAL_online-724x1024.png 724w, https:\/\/psoin.us.edu.pl\/wp-content\/uploads\/2026\/03\/2026_US_Wielkanoc-FINAL_online-212x300.png 212w, https:\/\/psoin.us.edu.pl\/wp-content\/uploads\/2026\/03\/2026_US_Wielkanoc-FINAL_online.png 764w\" sizes=\"(max-width: 724px) 100vw, 724px\" \/>\t\t\t\t\t\t\t\t\t\t\t\t\t\t\t<\/div>\n\t\t\t\t<\/div>\n\t\t\t\t\t<\/div>\n\t\t\t\t<\/div>\n\t\t\t\t<\/div>\n\t\t","protected":false},"excerpt":{"rendered":"","protected":false},"author":1,"featured_media":777,"comment_status":"open","ping_status":"open","sticky":false,"template":"","format":"standard","meta":{"footnotes":""},"categories":[4],"tags":[],"class_list":["post-769","post","type-post","status-publish","format-standard","has-post-thumbnail","hentry","category-wiadomosci"],"yoast_head":"<!-- This site is optimized with the Yoast SEO plugin v27.4 - https:\/\/yoast.com\/product\/yoast-seo-wordpress\/ -->\n<title>\u017byczenia rektora U\u015a z okazji \u015awi\u0105t Wielkanocnych -<\/title>\n<meta name=\"robots\" content=\"index, follow, max-snippet:-1, max-image-preview:large, max-video-preview:-1\" \/>\n<link rel=\"canonical\" href=\"https:\/\/psoin.us.edu.pl\/index.php\/2026\/03\/30\/zyczenia-rektora-us-z-okazji-swiat-wielkanocnych\/\" \/>\n<meta property=\"og:locale\" content=\"pl_PL\" \/>\n<meta property=\"og:type\" content=\"article\" \/>\n<meta property=\"og:title\" content=\"\u017byczenia rektora U\u015a z okazji \u015awi\u0105t Wielkanocnych -\" \/>\n<meta property=\"og:url\" content=\"https:\/\/psoin.us.edu.pl\/index.php\/2026\/03\/30\/zyczenia-rektora-us-z-okazji-swiat-wielkanocnych\/\" \/>\n<meta property=\"article:published_time\" content=\"2026-03-30T11:33:22+00:00\" \/>\n<meta property=\"article:modified_time\" content=\"2026-03-30T11:36:55+00:00\" \/>\n<meta property=\"og:image\" content=\"https:\/\/psoin.us.edu.pl\/wp-content\/uploads\/2026\/03\/obrazek_wyrozniajacy-600x348-1.png\" \/>\n\t<meta property=\"og:image:width\" content=\"600\" \/>\n\t<meta property=\"og:image:height\" content=\"348\" \/>\n\t<meta property=\"og:image:type\" content=\"image\/png\" \/>\n<meta name=\"author\" content=\"admin\" \/>\n<meta name=\"twitter:card\" content=\"summary_large_image\" \/>\n<meta name=\"twitter:label1\" content=\"Napisane przez\" \/>\n\t<meta name=\"twitter:data1\" content=\"admin\" \/>\n\t<meta name=\"twitter:label2\" content=\"Szacowany czas czytania\" \/>\n\t<meta name=\"twitter:data2\" content=\"1 minuta\" \/>\n<script type=\"application\/ld+json\" class=\"yoast-schema-graph\">{\"@context\":\"https:\\\/\\\/schema.org\",\"@graph\":[{\"@type\":\"Article\",\"@id\":\"https:\\\/\\\/psoin.us.edu.pl\\\/index.php\\\/2026\\\/03\\\/30\\\/zyczenia-rektora-us-z-okazji-swiat-wielkanocnych\\\/#article\",\"isPartOf\":{\"@id\":\"https:\\\/\\\/psoin.us.edu.pl\\\/index.php\\\/2026\\\/03\\\/30\\\/zyczenia-rektora-us-z-okazji-swiat-wielkanocnych\\\/\"},\"author\":{\"name\":\"admin\",\"@id\":\"https:\\\/\\\/psoin.us.edu.pl\\\/#\\\/schema\\\/person\\\/21aa07e1301f9ce2bd363cad5ea8dfc7\"},\"headline\":\"\u017byczenia rektora U\u015a z okazji \u015awi\u0105t Wielkanocnych\",\"datePublished\":\"2026-03-30T11:33:22+00:00\",\"dateModified\":\"2026-03-30T11:36:55+00:00\",\"mainEntityOfPage\":{\"@id\":\"https:\\\/\\\/psoin.us.edu.pl\\\/index.php\\\/2026\\\/03\\\/30\\\/zyczenia-rektora-us-z-okazji-swiat-wielkanocnych\\\/\"},\"wordCount\":8,\"commentCount\":0,\"publisher\":{\"@id\":\"https:\\\/\\\/psoin.us.edu.pl\\\/#organization\"},\"image\":{\"@id\":\"https:\\\/\\\/psoin.us.edu.pl\\\/index.php\\\/2026\\\/03\\\/30\\\/zyczenia-rektora-us-z-okazji-swiat-wielkanocnych\\\/#primaryimage\"},\"thumbnailUrl\":\"https:\\\/\\\/psoin.us.edu.pl\\\/wp-content\\\/uploads\\\/2026\\\/03\\\/obrazek_wyrozniajacy-600x348-1.png\",\"articleSection\":[\"wiadomo\u015bci\"],\"inLanguage\":\"pl-PL\",\"potentialAction\":[{\"@type\":\"CommentAction\",\"name\":\"Comment\",\"target\":[\"https:\\\/\\\/psoin.us.edu.pl\\\/index.php\\\/2026\\\/03\\\/30\\\/zyczenia-rektora-us-z-okazji-swiat-wielkanocnych\\\/#respond\"]}]},{\"@type\":\"WebPage\",\"@id\":\"https:\\\/\\\/psoin.us.edu.pl\\\/index.php\\\/2026\\\/03\\\/30\\\/zyczenia-rektora-us-z-okazji-swiat-wielkanocnych\\\/\",\"url\":\"https:\\\/\\\/psoin.us.edu.pl\\\/index.php\\\/2026\\\/03\\\/30\\\/zyczenia-rektora-us-z-okazji-swiat-wielkanocnych\\\/\",\"name\":\"\u017byczenia rektora U\u015a z okazji \u015awi\u0105t Wielkanocnych -\",\"isPartOf\":{\"@id\":\"https:\\\/\\\/psoin.us.edu.pl\\\/#website\"},\"primaryImageOfPage\":{\"@id\":\"https:\\\/\\\/psoin.us.edu.pl\\\/index.php\\\/2026\\\/03\\\/30\\\/zyczenia-rektora-us-z-okazji-swiat-wielkanocnych\\\/#primaryimage\"},\"image\":{\"@id\":\"https:\\\/\\\/psoin.us.edu.pl\\\/index.php\\\/2026\\\/03\\\/30\\\/zyczenia-rektora-us-z-okazji-swiat-wielkanocnych\\\/#primaryimage\"},\"thumbnailUrl\":\"https:\\\/\\\/psoin.us.edu.pl\\\/wp-content\\\/uploads\\\/2026\\\/03\\\/obrazek_wyrozniajacy-600x348-1.png\",\"datePublished\":\"2026-03-30T11:33:22+00:00\",\"dateModified\":\"2026-03-30T11:36:55+00:00\",\"breadcrumb\":{\"@id\":\"https:\\\/\\\/psoin.us.edu.pl\\\/index.php\\\/2026\\\/03\\\/30\\\/zyczenia-rektora-us-z-okazji-swiat-wielkanocnych\\\/#breadcrumb\"},\"inLanguage\":\"pl-PL\",\"potentialAction\":[{\"@type\":\"ReadAction\",\"target\":[\"https:\\\/\\\/psoin.us.edu.pl\\\/index.php\\\/2026\\\/03\\\/30\\\/zyczenia-rektora-us-z-okazji-swiat-wielkanocnych\\\/\"]}]},{\"@type\":\"ImageObject\",\"inLanguage\":\"pl-PL\",\"@id\":\"https:\\\/\\\/psoin.us.edu.pl\\\/index.php\\\/2026\\\/03\\\/30\\\/zyczenia-rektora-us-z-okazji-swiat-wielkanocnych\\\/#primaryimage\",\"url\":\"https:\\\/\\\/psoin.us.edu.pl\\\/wp-content\\\/uploads\\\/2026\\\/03\\\/obrazek_wyrozniajacy-600x348-1.png\",\"contentUrl\":\"https:\\\/\\\/psoin.us.edu.pl\\\/wp-content\\\/uploads\\\/2026\\\/03\\\/obrazek_wyrozniajacy-600x348-1.png\",\"width\":600,\"height\":348},{\"@type\":\"BreadcrumbList\",\"@id\":\"https:\\\/\\\/psoin.us.edu.pl\\\/index.php\\\/2026\\\/03\\\/30\\\/zyczenia-rektora-us-z-okazji-swiat-wielkanocnych\\\/#breadcrumb\",\"itemListElement\":[{\"@type\":\"ListItem\",\"position\":1,\"name\":\"Strona g\u0142\u00f3wna\",\"item\":\"https:\\\/\\\/psoin.us.edu.pl\\\/\"},{\"@type\":\"ListItem\",\"position\":2,\"name\":\"\u017byczenia rektora U\u015a z okazji \u015awi\u0105t Wielkanocnych\"}]},{\"@type\":\"WebSite\",\"@id\":\"https:\\\/\\\/psoin.us.edu.pl\\\/#website\",\"url\":\"https:\\\/\\\/psoin.us.edu.pl\\\/\",\"name\":\"Studia podyplomowe ochrona informacji niejawnych i administracja bezpiecze\u0144stwa informacji\",\"description\":\"\",\"publisher\":{\"@id\":\"https:\\\/\\\/psoin.us.edu.pl\\\/#organization\"},\"potentialAction\":[{\"@type\":\"SearchAction\",\"target\":{\"@type\":\"EntryPoint\",\"urlTemplate\":\"https:\\\/\\\/psoin.us.edu.pl\\\/?s={search_term_string}\"},\"query-input\":{\"@type\":\"PropertyValueSpecification\",\"valueRequired\":true,\"valueName\":\"search_term_string\"}}],\"inLanguage\":\"pl-PL\"},{\"@type\":\"Organization\",\"@id\":\"https:\\\/\\\/psoin.us.edu.pl\\\/#organization\",\"name\":\"Uniwersytet \u015al\u0105ski\",\"url\":\"https:\\\/\\\/psoin.us.edu.pl\\\/\",\"logo\":{\"@type\":\"ImageObject\",\"inLanguage\":\"pl-PL\",\"@id\":\"https:\\\/\\\/psoin.us.edu.pl\\\/#\\\/schema\\\/logo\\\/image\\\/\",\"url\":\"https:\\\/\\\/psoin.us.edu.pl\\\/wp-content\\\/uploads\\\/2025\\\/07\\\/cropped-2.png\",\"contentUrl\":\"https:\\\/\\\/psoin.us.edu.pl\\\/wp-content\\\/uploads\\\/2025\\\/07\\\/cropped-2.png\",\"width\":1792,\"height\":512,\"caption\":\"Uniwersytet \u015al\u0105ski\"},\"image\":{\"@id\":\"https:\\\/\\\/psoin.us.edu.pl\\\/#\\\/schema\\\/logo\\\/image\\\/\"}},{\"@type\":\"Person\",\"@id\":\"https:\\\/\\\/psoin.us.edu.pl\\\/#\\\/schema\\\/person\\\/21aa07e1301f9ce2bd363cad5ea8dfc7\",\"name\":\"admin\",\"image\":{\"@type\":\"ImageObject\",\"inLanguage\":\"pl-PL\",\"@id\":\"https:\\\/\\\/secure.gravatar.com\\\/avatar\\\/22d5d1a4f82c59dd075a47b348a3f15e2013f730285b64327a4518c4365bd9f4?s=96&d=mm&r=g\",\"url\":\"https:\\\/\\\/secure.gravatar.com\\\/avatar\\\/22d5d1a4f82c59dd075a47b348a3f15e2013f730285b64327a4518c4365bd9f4?s=96&d=mm&r=g\",\"contentUrl\":\"https:\\\/\\\/secure.gravatar.com\\\/avatar\\\/22d5d1a4f82c59dd075a47b348a3f15e2013f730285b64327a4518c4365bd9f4?s=96&d=mm&r=g\",\"caption\":\"admin\"},\"sameAs\":[\"https:\\\/\\\/psoin.new.us.edu.pl\"],\"url\":\"https:\\\/\\\/psoin.us.edu.pl\\\/index.php\\\/author\\\/psoin\\\/\"}]}<\/script>\n<!-- \/ Yoast SEO plugin. -->","yoast_head_json":{"title":"\u017byczenia rektora U\u015a z okazji \u015awi\u0105t Wielkanocnych -","robots":{"index":"index","follow":"follow","max-snippet":"max-snippet:-1","max-image-preview":"max-image-preview:large","max-video-preview":"max-video-preview:-1"},"canonical":"https:\/\/psoin.us.edu.pl\/index.php\/2026\/03\/30\/zyczenia-rektora-us-z-okazji-swiat-wielkanocnych\/","og_locale":"pl_PL","og_type":"article","og_title":"\u017byczenia rektora U\u015a z okazji \u015awi\u0105t Wielkanocnych -","og_url":"https:\/\/psoin.us.edu.pl\/index.php\/2026\/03\/30\/zyczenia-rektora-us-z-okazji-swiat-wielkanocnych\/","article_published_time":"2026-03-30T11:33:22+00:00","article_modified_time":"2026-03-30T11:36:55+00:00","og_image":[{"width":600,"height":348,"url":"https:\/\/psoin.us.edu.pl\/wp-content\/uploads\/2026\/03\/obrazek_wyrozniajacy-600x348-1.png","type":"image\/png"}],"author":"admin","twitter_card":"summary_large_image","twitter_misc":{"Napisane przez":"admin","Szacowany czas czytania":"1 minuta"},"schema":{"@context":"https:\/\/schema.org","@graph":[{"@type":"Article","@id":"https:\/\/psoin.us.edu.pl\/index.php\/2026\/03\/30\/zyczenia-rektora-us-z-okazji-swiat-wielkanocnych\/#article","isPartOf":{"@id":"https:\/\/psoin.us.edu.pl\/index.php\/2026\/03\/30\/zyczenia-rektora-us-z-okazji-swiat-wielkanocnych\/"},"author":{"name":"admin","@id":"https:\/\/psoin.us.edu.pl\/#\/schema\/person\/21aa07e1301f9ce2bd363cad5ea8dfc7"},"headline":"\u017byczenia rektora U\u015a z okazji \u015awi\u0105t Wielkanocnych","datePublished":"2026-03-30T11:33:22+00:00","dateModified":"2026-03-30T11:36:55+00:00","mainEntityOfPage":{"@id":"https:\/\/psoin.us.edu.pl\/index.php\/2026\/03\/30\/zyczenia-rektora-us-z-okazji-swiat-wielkanocnych\/"},"wordCount":8,"commentCount":0,"publisher":{"@id":"https:\/\/psoin.us.edu.pl\/#organization"},"image":{"@id":"https:\/\/psoin.us.edu.pl\/index.php\/2026\/03\/30\/zyczenia-rektora-us-z-okazji-swiat-wielkanocnych\/#primaryimage"},"thumbnailUrl":"https:\/\/psoin.us.edu.pl\/wp-content\/uploads\/2026\/03\/obrazek_wyrozniajacy-600x348-1.png","articleSection":["wiadomo\u015bci"],"inLanguage":"pl-PL","potentialAction":[{"@type":"CommentAction","name":"Comment","target":["https:\/\/psoin.us.edu.pl\/index.php\/2026\/03\/30\/zyczenia-rektora-us-z-okazji-swiat-wielkanocnych\/#respond"]}]},{"@type":"WebPage","@id":"https:\/\/psoin.us.edu.pl\/index.php\/2026\/03\/30\/zyczenia-rektora-us-z-okazji-swiat-wielkanocnych\/","url":"https:\/\/psoin.us.edu.pl\/index.php\/2026\/03\/30\/zyczenia-rektora-us-z-okazji-swiat-wielkanocnych\/","name":"\u017byczenia rektora U\u015a z okazji \u015awi\u0105t Wielkanocnych -","isPartOf":{"@id":"https:\/\/psoin.us.edu.pl\/#website"},"primaryImageOfPage":{"@id":"https:\/\/psoin.us.edu.pl\/index.php\/2026\/03\/30\/zyczenia-rektora-us-z-okazji-swiat-wielkanocnych\/#primaryimage"},"image":{"@id":"https:\/\/psoin.us.edu.pl\/index.php\/2026\/03\/30\/zyczenia-rektora-us-z-okazji-swiat-wielkanocnych\/#primaryimage"},"thumbnailUrl":"https:\/\/psoin.us.edu.pl\/wp-content\/uploads\/2026\/03\/obrazek_wyrozniajacy-600x348-1.png","datePublished":"2026-03-30T11:33:22+00:00","dateModified":"2026-03-30T11:36:55+00:00","breadcrumb":{"@id":"https:\/\/psoin.us.edu.pl\/index.php\/2026\/03\/30\/zyczenia-rektora-us-z-okazji-swiat-wielkanocnych\/#breadcrumb"},"inLanguage":"pl-PL","potentialAction":[{"@type":"ReadAction","target":["https:\/\/psoin.us.edu.pl\/index.php\/2026\/03\/30\/zyczenia-rektora-us-z-okazji-swiat-wielkanocnych\/"]}]},{"@type":"ImageObject","inLanguage":"pl-PL","@id":"https:\/\/psoin.us.edu.pl\/index.php\/2026\/03\/30\/zyczenia-rektora-us-z-okazji-swiat-wielkanocnych\/#primaryimage","url":"https:\/\/psoin.us.edu.pl\/wp-content\/uploads\/2026\/03\/obrazek_wyrozniajacy-600x348-1.png","contentUrl":"https:\/\/psoin.us.edu.pl\/wp-content\/uploads\/2026\/03\/obrazek_wyrozniajacy-600x348-1.png","width":600,"height":348},{"@type":"BreadcrumbList","@id":"https:\/\/psoin.us.edu.pl\/index.php\/2026\/03\/30\/zyczenia-rektora-us-z-okazji-swiat-wielkanocnych\/#breadcrumb","itemListElement":[{"@type":"ListItem","position":1,"name":"Strona g\u0142\u00f3wna","item":"https:\/\/psoin.us.edu.pl\/"},{"@type":"ListItem","position":2,"name":"\u017byczenia rektora U\u015a z okazji \u015awi\u0105t Wielkanocnych"}]},{"@type":"WebSite","@id":"https:\/\/psoin.us.edu.pl\/#website","url":"https:\/\/psoin.us.edu.pl\/","name":"Studia podyplomowe ochrona informacji niejawnych i administracja bezpiecze\u0144stwa informacji","description":"","publisher":{"@id":"https:\/\/psoin.us.edu.pl\/#organization"},"potentialAction":[{"@type":"SearchAction","target":{"@type":"EntryPoint","urlTemplate":"https:\/\/psoin.us.edu.pl\/?s={search_term_string}"},"query-input":{"@type":"PropertyValueSpecification","valueRequired":true,"valueName":"search_term_string"}}],"inLanguage":"pl-PL"},{"@type":"Organization","@id":"https:\/\/psoin.us.edu.pl\/#organization","name":"Uniwersytet \u015al\u0105ski","url":"https:\/\/psoin.us.edu.pl\/","logo":{"@type":"ImageObject","inLanguage":"pl-PL","@id":"https:\/\/psoin.us.edu.pl\/#\/schema\/logo\/image\/","url":"https:\/\/psoin.us.edu.pl\/wp-content\/uploads\/2025\/07\/cropped-2.png","contentUrl":"https:\/\/psoin.us.edu.pl\/wp-content\/uploads\/2025\/07\/cropped-2.png","width":1792,"height":512,"caption":"Uniwersytet \u015al\u0105ski"},"image":{"@id":"https:\/\/psoin.us.edu.pl\/#\/schema\/logo\/image\/"}},{"@type":"Person","@id":"https:\/\/psoin.us.edu.pl\/#\/schema\/person\/21aa07e1301f9ce2bd363cad5ea8dfc7","name":"admin","image":{"@type":"ImageObject","inLanguage":"pl-PL","@id":"https:\/\/secure.gravatar.com\/avatar\/22d5d1a4f82c59dd075a47b348a3f15e2013f730285b64327a4518c4365bd9f4?s=96&d=mm&r=g","url":"https:\/\/secure.gravatar.com\/avatar\/22d5d1a4f82c59dd075a47b348a3f15e2013f730285b64327a4518c4365bd9f4?s=96&d=mm&r=g","contentUrl":"https:\/\/secure.gravatar.com\/avatar\/22d5d1a4f82c59dd075a47b348a3f15e2013f730285b64327a4518c4365bd9f4?s=96&d=mm&r=g","caption":"admin"},"sameAs":["https:\/\/psoin.new.us.edu.pl"],"url":"https:\/\/psoin.us.edu.pl\/index.php\/author\/psoin\/"}]}},"_links":{"self":[{"href":"https:\/\/psoin.us.edu.pl\/index.php\/wp-json\/wp\/v2\/posts\/769","targetHints":{"allow":["GET"]}}],"collection":[{"href":"https:\/\/psoin.us.edu.pl\/index.php\/wp-json\/wp\/v2\/posts"}],"about":[{"href":"https:\/\/psoin.us.edu.pl\/index.php\/wp-json\/wp\/v2\/types\/post"}],"author":[{"embeddable":true,"href":"https:\/\/psoin.us.edu.pl\/index.php\/wp-json\/wp\/v2\/users\/1"}],"replies":[{"embeddable":true,"href":"https:\/\/psoin.us.edu.pl\/index.php\/wp-json\/wp\/v2\/comments?post=769"}],"version-history":[{"count":7,"href":"https:\/\/psoin.us.edu.pl\/index.php\/wp-json\/wp\/v2\/posts\/769\/revisions"}],"predecessor-version":[{"id":778,"href":"https:\/\/psoin.us.edu.pl\/index.php\/wp-json\/wp\/v2\/posts\/769\/revisions\/778"}],"wp:featuredmedia":[{"embeddable":true,"href":"https:\/\/psoin.us.edu.pl\/index.php\/wp-json\/wp\/v2\/media\/777"}],"wp:attachment":[{"href":"https:\/\/psoin.us.edu.pl\/index.php\/wp-json\/wp\/v2\/media?parent=769"}],"wp:term":[{"taxonomy":"category","embeddable":true,"href":"https:\/\/psoin.us.edu.pl\/index.php\/wp-json\/wp\/v2\/categories?post=769"},{"taxonomy":"post_tag","embeddable":true,"href":"https:\/\/psoin.us.edu.pl\/index.php\/wp-json\/wp\/v2\/tags?post=769"}],"curies":[{"name":"wp","href":"https:\/\/api.w.org\/{rel}","templated":true}]}}