{"id":79,"date":"2023-10-02T14:09:14","date_gmt":"2023-10-02T14:09:14","guid":{"rendered":"https:\/\/psoin.new.us.edu.pl\/?p=79"},"modified":"2025-07-03T11:13:24","modified_gmt":"2025-07-03T11:13:24","slug":"powaga-uniwersytetu-list-rektora-us-na-poczatek-roku-akademickiego-2023-2024","status":"publish","type":"post","link":"https:\/\/psoin.us.edu.pl\/index.php\/2023\/10\/02\/powaga-uniwersytetu-list-rektora-us-na-poczatek-roku-akademickiego-2023-2024\/","title":{"rendered":"List rektora U\u015a na pocz\u0105tek roku akademickiego 2023\/2024"},"content":{"rendered":"<p><strong>Drodzy \u2013 Uczone i Uczeni, Studentki i Studenci, Doktorantki i Doktoranci, Pracowniczki i Pracownicy Uniwersytetu \u015al\u0105skiego!<\/strong><\/p>\n<p>1. \u201eNie wyg\u0142upiajmy si\u0119 \u2013 \u015bwiat jest jeden\u201d \u2013 napisa\u0142a niegdy\u015b Olga Tokarczuk. To proste napomnienie wraca do mnie na pocz\u0105tku nowego roku akademickiego.<\/p>\n<p>Jedno\u015b\u0107 \u015bwiata, o kt\u00f3rej mowa, nie opiera si\u0119 na podobie\u0144stwie jednostek, spo\u0142ecze\u0144stw, kultur czy historii, ale na wsp\u00f3lnocie problem\u00f3w, z jakimi \u2013 pomimo tych r\u00f3\u017cnic \u2013 zmagamy si\u0119 jako ludzie. Zagro\u017cenia klimatyczne, przysz\u0142o\u015b\u0107 edukacji, nier\u00f3wno\u015bci i wykluczenia, migracje, opieka zdrowotna, stan \u015brodowiska naturalnego to problemy, o kt\u00f3rych wiemy, \u017ce nigdy nie zostan\u0105 na dobre rozwi\u0105zane. Ta \u015bwiadomo\u015b\u0107 w po\u0142\u0105czeniu z globaln\u0105 skal\u0105 wyzwa\u0144 sprawia, \u017ce \u0142atwo ulec poczuciu bezradno\u015bci, podda\u0107 si\u0119 rezygnacji lub melancholii. Zrozumia\u0142a jest te\u017c sk\u0142onno\u015b\u0107 jednostek i spo\u0142ecze\u0144stw do wypychania cz\u0119\u015bci problem\u00f3w poza granice naszej realnej odpowiedzialno\u015bci.<\/p>\n<p>Jest wszelako jeszcze inna postawa wobec wsp\u00f3lnych ludzkich problem\u00f3w. To ich lekcewa\u017cenie, o\u015bmieszanie lub przeciwnie \u2013 cyniczne pot\u0119gowanie naszych obaw, aby zmieni\u0142y si\u0119 w l\u0119k, kt\u00f3remu zaradzi\u0107 mo\u017cna tylko odgradzaj\u0105c si\u0119 od \u201ez\u0142ego\u201d \u015bwiata. \u017byjemy w czasach panosz\u0105cego si\u0119 cynizmu i b\u0142azenady w odniesieniu do spraw najwa\u017cniejszych. Kiedy mem, lakoniczne szyderstwo, nienawistny komentarz lub zwyk\u0142e k\u0142amstwo staj\u0105 si\u0119 dominuj\u0105c\u0105 form\u0105 komunikacji publicznej, kurczy si\u0119 przestrze\u0144 rzeczowej i powa\u017cnej rozmowy, a spazm nerwowego \u015bmiechu tylko przez kr\u00f3tk\u0105 chwil\u0119 daje wytchnienie niespokojnemu umys\u0142owi.<\/p>\n<p>Wobec tych wyzwa\u0144 ro\u015bnie rola i ranga uniwersytetu. Uniwersytet jest powa\u017cny ze wzgl\u0119du na wa\u017cno\u015b\u0107 i wag\u0119 zadania, do jakiego jest powo\u0142any. Jako idea i rzeczywisto\u015b\u0107 mierzy si\u0119 bowiem z zadaniem zrozumienia i opisania ca\u0142ej rzeczywisto\u015bci, podzielonej na cz\u0119\u015bci w\u0142a\u015bciwe poszczeg\u00f3lnym dyscyplinom, z kt\u00f3rych jednak \u017cadna nie jest wa\u017cniejsza od innych. Zgromadzone \u201epod jednym dachem\u201d stanowi\u0105 publiczn\u0105 obietnic\u0119, \u017ce nieprzerwanie toczy si\u0119 praca nad badaniem i obja\u015bnianiem \u015bwiata.<\/p>\n<p>2. Oparcie si\u0119 na tak rozumianym uniwersytecie ma szczeg\u00f3lne znaczenie dla naszych student\u00f3w, zw\u0142aszcza dla tych, kt\u00f3rzy rozpoczn\u0105 niebawem pierwszy rok swoich studi\u00f3w. Dla umys\u0142u m\u0142odego cz\u0142owieka, rozwibrowanego nadmiarem informacji, uniwersytet powinien by\u0107 miejscem i czasem, w kt\u00f3rym spokojny namys\u0142 i rozmowa prowadzone w oparciu o wiedz\u0119 naukow\u0105 pomog\u0105 ustali\u0107 wiarygodny obraz rzeczywisto\u015bci oraz przemy\u015ble\u0107, co mo\u017cemy i co powinni\u015bmy zrobi\u0107 ze \u015bwiatem. Wsp\u00f3lny czas my\u015blenia i rozmowy jest kluczowy dla wype\u0142nienia tego zadania. Oto sp\u0119dzimy razem z kolejnym rocznikiem m\u0142odych ludzi kilka lat w kr\u0119gu spraw i problem\u00f3w uniwersalnych, ale i bardzo specjalistycznych. Naszym zadaniem jest pokaza\u0107 studentom, jak \u0142\u0105czy\u0107 je ze sob\u0105, aby mogli p\u00f3\u017aniej, ju\u017c samodzielnie, u\u017cy\u0107 wykszta\u0142cenia do powi\u0105zania \u017cycia i wiedzy; tego, co indywidualne i lokalne z tym, co wsp\u00f3lne i planetarne.<\/p>\n<p>S\u0142u\u017cy temu m.in. inicjowana w semestrze letnim Nowa Koncepcja Studi\u00f3w \u2013 wielkie przedsi\u0119wzi\u0119cie przemy\u015blenia i modyfikacji kszta\u0142cenia uniwersyteckiego w naszej uczelni, kt\u00f3re wsp\u00f3lnie przeprowadzili\u015bmy, a teraz rozpoczynamy pierwszy etap jego wdro\u017cenia. Bez wzgl\u0119du na zmiany systemowe najtrudniejszym, lecz niezmiennym celem kszta\u0142cenia jest przygotowanie naszych student\u00f3w do rozwi\u0105zywania problem\u00f3w, kt\u00f3rych nie potrafimy jeszcze nazwa\u0107. Wst\u0119pem do tego jest wsp\u00f3lne stawianie pyta\u0144, na kt\u00f3re nie ma dobrej odpowiedzi \u2013 zw\u0142aszcza w sieci. Stwarzajmy studentom warunki do stawiania nam pyta\u0144 o zwi\u0105zek nauki i edukacji uniwersyteckiej z problemami \u015bwiata, kt\u00f3ry wsp\u00f3lnie zamieszkujemy. Student, kt\u00f3ry zadaje pytania, jest rado\u015bci\u0105 nauczyciela.<\/p>\n<p>3. Powaga uniwersytetu nie wynika z jej samoustanowienia. Jeste\u015bmy powa\u017cni, kiedy inni traktuj\u0105 nas powa\u017cnie. A dzieje si\u0119 tak, je\u015bli wa\u017cno\u015b\u0107 i waga naszych prac budzi zrozumienie i uznanie spo\u0142eczne. St\u0105d tak istotne jest jasne i przekonuj\u0105ce komunikowanie o tym, co jest tre\u015bci\u0105 naszej pracy naukowej i dydaktycznej. Prawdziwe uznanie zyskuje ona w\u00f3wczas, kiedy ludzie spoza uniwersytetu wiedz\u0105 i odczuwaj\u0105, \u017ce podejmujemy razem z nimi ci\u0119\u017car rozwi\u0105zywania wsp\u00f3lnych problem\u00f3w.<\/p>\n<p>Temu s\u0142u\u017c\u0105 najnowsze inicjatywy naszego uniwersytetu zwi\u0105zane z Europejskim Miastem Nauki Katowice 2024, m.in.: zawi\u0105zanie konsorcjum siedmiu publicznych uczelni, kt\u00f3rego liderem jest U\u015a; program rewitalizacji rzeki Rawy i utworzenia na jej brzegach spo\u0142ecznego laboratorium nauki obywatelskiej; koncepcja Sieciowego Centrum Nauki opartego na ekspozycjach i programach upowszechniania nauki tworzonej w uczelniach Konsorcjum; program bada\u0144 naukowych dla \u015al\u0105ska, kt\u00f3ry ma zapewni\u0107 \u015brodki na finansowanie bada\u0144 kluczowych dla przysz\u0142o\u015bci regionu; nowe inwestycje w budynki, infrastruktur\u0119 dydaktyczn\u0105 i badawcz\u0105 dla nauk chemicznych i przyrodniczych; przygotowanie wsp\u00f3lnie z miastem Katowice, samorz\u0105dem wojew\u00f3dztwa, Metropoli\u0105 G\u00f3rno\u015bl\u0105sko-Zag\u0142\u0119biowsk\u0105, na czele ze spo\u0142eczno\u015bciami uczelni Konsorcjum ca\u0142orocznych wydarze\u0144 Europejskiego Miasta Nauki.<\/p>\n<p>Uniwersytet \u015al\u0105ski podejmuje przez te dzia\u0142ania zobowi\u0105zanie do powa\u017cnego wsp\u00f3\u0142udzia\u0142u w praktycznej trosce o lokalny \u015bwiat, do kt\u00f3rego nale\u017cy. R\u00f3wnocze\u015bnie, wobec coraz cz\u0119stszego podwa\u017cania historycznej warto\u015bci wsp\u00f3lnoty europejskiej, to na uniwersytetach spoczywa odpowiedzialno\u015b\u0107 za wzmacnianie integracji nauki i edukacji w ramach wszystkich kraj\u00f3w wsp\u00f3lnoty. Szczeg\u00f3lnej wagi nabiera sojusz uczelni europejskich Transform4Europe, kt\u00f3rego jeste\u015bmy cz\u0119\u015bci\u0105, a od tego roku akademickiego b\u0119dziemy mu przewodniczy\u0107.<\/p>\n<p>4. Uniwersytet bywa te\u017c \u015bmieszny. Nie podnosz\u0105 naszej powagi obecne zasady ewaluacji dyscyplin, zw\u0142aszcza dokonywane <em>ad hoc<\/em> zmiany punktacji czasopism i wydawnictw. Niebezpieczne jest, kiedy zauwa\u017cana \u015bmieszno\u015b\u0107 kreatywnej buchalterii naukowej niepostrze\u017cenie przedostaje si\u0119 do naszego codziennego s\u0142ownika akademickiego. Zdarza si\u0119, \u017ce zamiast rozmawia\u0107 o tym nad czym pracujemy? jaki problem naukowy rozwi\u0105zali\u015bmy? gdzie uka\u017ce si\u0119 nasza publikacja? \u2013 informujemy si\u0119 o liczbie punkt\u00f3w uzyskanych za publikacj\u0119. To bardzo gro\u017any proces erozji warto\u015bci pracy badawczej. Najprawdopodobniej nigdy nie unikniemy jakiej\u015b mierzalnej formy naszego dorobku naukowego, ale nie powinni\u015bmy, nawet ironicznie, czyni\u0107 z punkt\u00f3w jedynej miary osi\u0105gni\u0119\u0107 badawczych. \u201eDla ducha jest r\u00f3wnie zab\u00f3jcze mie\u0107 system, jak i go nie mie\u0107. Z pewno\u015bci\u0105 duch b\u0119dzie musia\u0142 si\u0119 zdecydowa\u0107, by po\u0142\u0105czy\u0107 jedno z drugim\u201d \u2013 pisa\u0142 Friedrich Schlegel.<\/p>\n<p>Zanim znajdziemy zadowalaj\u0105cy spos\u00f3b takiego po\u0142\u0105czenia, dobrze jest na pocz\u0105tek u\u015bwiadomi\u0107 sobie \u015bmieszno\u015b\u0107 absolutyzowania punktowej miary osi\u0105gni\u0119\u0107 naukowych. Nie ten jest powa\u017cny, kto si\u0119 nie u\u015bmiecha lub przybiera surow\u0105 min\u0119. \u201eTylko m\u0119drzec potrafi \u015bmia\u0107 si\u0119 z siebie\u201d \u2013 zauwa\u017cy\u0142 Baudelaire. Taki \u015bmiech usuwa fa\u0142szyw\u0105 powag\u0119, pozbawia wagi problemy pozorne, stanowi dobre wprowadzenie do postawy krytycznej. Uniwersytet jest powa\u017cny, kiedy, prowadz\u0105c krytyczne badania, nie omija siebie.<\/p>\n<p>To jest nasze najpilniejsze zadanie krytyczne: obmy\u015ble\u0107, w dzisiejszych realiach, takie warunki prowadzenia nauki, dzia\u0142alno\u015bci artystycznej i kszta\u0142cenia, kt\u00f3re da\u0142yby nam poczucie sensu naszej pracy oraz niezb\u0119dne jej naturze czas i spok\u00f3j; warunki, kt\u00f3re r\u00f3wnocze\u015bnie zach\u0119ca\u0142yby ka\u017cdego z nas do podejmowania ambitnych zamierze\u0144 badawczych i artystycznych; sprzyja\u0142yby ch\u0119ci wyr\u00f3\u017cnienia si\u0119 rozwi\u0105zaniem szczeg\u00f3lnie trudnych problem\u00f3w i poszukiwania nowych sposob\u00f3w o\u017cywiania w studentach pasji uczenia si\u0119.<\/p>\n<p>5. Coraz wyra\u017aniej wida\u0107, \u017ce niezast\u0105pion\u0105 rol\u0105 uniwersytetu jest dzi\u015b kszta\u0142cenie obywatelskie w zakresie codziennego wsp\u00f3\u0142tworzenia demokratycznej instytucji publicznej, jak\u0105 jest uniwersytet. Edukacji obywatelskiej w Uniwersytecie \u015al\u0105skim podlega, \u015bwiadomie lub bezwiednie, ca\u0142a nasza dwudziestoczterotysi\u0119czna spo\u0142eczno\u015b\u0107, rezyduj\u0105ca w czterech miastach, dysponuj\u0105ca kilkusetmilionowym bud\u017cetem, wybieraj\u0105ca w wolnych, demokratycznych wyborach rektora, posiadaj\u0105ca setki podmiot\u00f3w kolektywnych \u2013 ustawowych, statutowych, regulaminowych lub tworzonych swobodnie \u2013 od studenckich k\u00f3\u0142 naukowych, klub\u00f3w i stowarzysze\u0144, komisji, rad dydaktycznych i naukowych, kolegi\u00f3w, zgromadze\u0144 wydzia\u0142\u00f3w, a\u017c po organ parlamentarny, jakim jest senat U\u015a.<\/p>\n<p>Mimo \u017ce \u0142\u0105cz\u0105 nas nauka i edukacja, nie jeste\u015bmy tacy sami. R\u00f3wni wobec praw i obowi\u0105zk\u00f3w zawodowych, r\u00f3\u017cnimy si\u0119 w wielu kwestiach. A jednak, jako uniwersytet, jeste\u015bmy dowodem na to, \u017ce r\u00f3\u017cnica i sp\u00f3r nie musz\u0105 by\u0107 dla wsp\u00f3lnoty niszcz\u0105ce, ale tw\u00f3rcze i po\u017cyteczne. Je\u015bli tylko tocz\u0105 si\u0119 z poszanowaniem godno\u015bci ka\u017cdego i przy uznaniu dla rzeczowych argument\u00f3w, jakich dostarcza nauka. W takiej postaci uniwersytetu dajemy sobie jako uczonym, pracownikom, studentom, ale przede wszystkim jako obywatelom rzecz bezcenn\u0105 \u2013 realn\u0105, dobrze funkcjonuj\u0105c\u0105, demokratyczn\u0105 instytucj\u0119 publiczn\u0105.<\/p>\n<p>\u017bycz\u0119 Pa\u0144stwu na nadchodz\u0105cy czas poczucia si\u0142y, sensu i nadziei, kt\u00f3re nie opieraj\u0105 si\u0119 na naiwnym optymizmie, ale wynikaj\u0105 ze sprawczej powagi Uniwersytetu, kt\u00f3rym wsp\u00f3lnie jeste\u015bmy.<\/p>\n<p>Ryszard Kozio\u0142ek<br \/>\nRektor Uniwersytetu \u015al\u0105skiego<\/p>\n","protected":false},"excerpt":{"rendered":"<p>Drodzy \u2013 Uczone i Uczeni, Studentki i Studenci, Doktorantki i Doktoranci, Pracowniczki i Pracownicy Uniwersytetu \u015al\u0105skiego! 1. \u201eNie wyg\u0142upiajmy si\u0119 \u2013 \u015bwiat jest jeden\u201d \u2013 napisa\u0142a niegdy\u015b Olga Tokarczuk. To proste napomnienie wraca do mnie na pocz\u0105tku nowego roku akademickiego. Jedno\u015b\u0107 \u015bwiata, o kt\u00f3rej mowa, nie opiera si\u0119 na podobie\u0144stwie jednostek, spo\u0142ecze\u0144stw, kultur czy historii, [&hellip;]<\/p>\n","protected":false},"author":1,"featured_media":80,"comment_status":"closed","ping_status":"closed","sticky":false,"template":"","format":"standard","meta":{"footnotes":""},"categories":[4],"tags":[],"class_list":["post-79","post","type-post","status-publish","format-standard","has-post-thumbnail","hentry","category-wiadomosci"],"yoast_head":"<!-- This site is optimized with the Yoast SEO plugin v27.4 - https:\/\/yoast.com\/product\/yoast-seo-wordpress\/ -->\n<title>List rektora U\u015a na pocz\u0105tek roku akademickiego 2023\/2024 -<\/title>\n<meta name=\"robots\" content=\"index, follow, max-snippet:-1, max-image-preview:large, max-video-preview:-1\" \/>\n<link rel=\"canonical\" href=\"https:\/\/psoin.us.edu.pl\/index.php\/2023\/10\/02\/powaga-uniwersytetu-list-rektora-us-na-poczatek-roku-akademickiego-2023-2024\/\" \/>\n<meta property=\"og:locale\" content=\"pl_PL\" \/>\n<meta property=\"og:type\" content=\"article\" \/>\n<meta property=\"og:title\" content=\"List rektora U\u015a na pocz\u0105tek roku akademickiego 2023\/2024 -\" \/>\n<meta property=\"og:description\" content=\"Drodzy \u2013 Uczone i Uczeni, Studentki i Studenci, Doktorantki i Doktoranci, Pracowniczki i Pracownicy Uniwersytetu \u015al\u0105skiego! 1. \u201eNie wyg\u0142upiajmy si\u0119 \u2013 \u015bwiat jest jeden\u201d \u2013 napisa\u0142a niegdy\u015b Olga Tokarczuk. To proste napomnienie wraca do mnie na pocz\u0105tku nowego roku akademickiego. Jedno\u015b\u0107 \u015bwiata, o kt\u00f3rej mowa, nie opiera si\u0119 na podobie\u0144stwie jednostek, spo\u0142ecze\u0144stw, kultur czy historii, [&hellip;]\" \/>\n<meta property=\"og:url\" content=\"https:\/\/psoin.us.edu.pl\/index.php\/2023\/10\/02\/powaga-uniwersytetu-list-rektora-us-na-poczatek-roku-akademickiego-2023-2024\/\" \/>\n<meta property=\"article:published_time\" content=\"2023-10-02T14:09:14+00:00\" \/>\n<meta property=\"article:modified_time\" content=\"2025-07-03T11:13:24+00:00\" \/>\n<meta property=\"og:image\" content=\"https:\/\/psoin.us.edu.pl\/wp-content\/uploads\/2023\/10\/rektor.jpg\" \/>\n\t<meta property=\"og:image:width\" content=\"600\" \/>\n\t<meta property=\"og:image:height\" content=\"401\" \/>\n\t<meta property=\"og:image:type\" content=\"image\/jpeg\" \/>\n<meta name=\"author\" content=\"admin\" \/>\n<meta name=\"twitter:card\" content=\"summary_large_image\" \/>\n<meta name=\"twitter:label1\" content=\"Napisane przez\" \/>\n\t<meta name=\"twitter:data1\" content=\"admin\" \/>\n\t<meta name=\"twitter:label2\" content=\"Szacowany czas czytania\" \/>\n\t<meta name=\"twitter:data2\" content=\"7 minut\" \/>\n<script type=\"application\/ld+json\" class=\"yoast-schema-graph\">{\"@context\":\"https:\\\/\\\/schema.org\",\"@graph\":[{\"@type\":\"Article\",\"@id\":\"https:\\\/\\\/psoin.us.edu.pl\\\/index.php\\\/2023\\\/10\\\/02\\\/powaga-uniwersytetu-list-rektora-us-na-poczatek-roku-akademickiego-2023-2024\\\/#article\",\"isPartOf\":{\"@id\":\"https:\\\/\\\/psoin.us.edu.pl\\\/index.php\\\/2023\\\/10\\\/02\\\/powaga-uniwersytetu-list-rektora-us-na-poczatek-roku-akademickiego-2023-2024\\\/\"},\"author\":{\"name\":\"admin\",\"@id\":\"https:\\\/\\\/psoin.us.edu.pl\\\/#\\\/schema\\\/person\\\/21aa07e1301f9ce2bd363cad5ea8dfc7\"},\"headline\":\"List rektora U\u015a na pocz\u0105tek roku akademickiego 2023\\\/2024\",\"datePublished\":\"2023-10-02T14:09:14+00:00\",\"dateModified\":\"2025-07-03T11:13:24+00:00\",\"mainEntityOfPage\":{\"@id\":\"https:\\\/\\\/psoin.us.edu.pl\\\/index.php\\\/2023\\\/10\\\/02\\\/powaga-uniwersytetu-list-rektora-us-na-poczatek-roku-akademickiego-2023-2024\\\/\"},\"wordCount\":1437,\"publisher\":{\"@id\":\"https:\\\/\\\/psoin.us.edu.pl\\\/#organization\"},\"image\":{\"@id\":\"https:\\\/\\\/psoin.us.edu.pl\\\/index.php\\\/2023\\\/10\\\/02\\\/powaga-uniwersytetu-list-rektora-us-na-poczatek-roku-akademickiego-2023-2024\\\/#primaryimage\"},\"thumbnailUrl\":\"https:\\\/\\\/psoin.us.edu.pl\\\/wp-content\\\/uploads\\\/2023\\\/10\\\/rektor.jpg\",\"articleSection\":[\"wiadomo\u015bci\"],\"inLanguage\":\"pl-PL\"},{\"@type\":\"WebPage\",\"@id\":\"https:\\\/\\\/psoin.us.edu.pl\\\/index.php\\\/2023\\\/10\\\/02\\\/powaga-uniwersytetu-list-rektora-us-na-poczatek-roku-akademickiego-2023-2024\\\/\",\"url\":\"https:\\\/\\\/psoin.us.edu.pl\\\/index.php\\\/2023\\\/10\\\/02\\\/powaga-uniwersytetu-list-rektora-us-na-poczatek-roku-akademickiego-2023-2024\\\/\",\"name\":\"List rektora U\u015a na pocz\u0105tek roku akademickiego 2023\\\/2024 -\",\"isPartOf\":{\"@id\":\"https:\\\/\\\/psoin.us.edu.pl\\\/#website\"},\"primaryImageOfPage\":{\"@id\":\"https:\\\/\\\/psoin.us.edu.pl\\\/index.php\\\/2023\\\/10\\\/02\\\/powaga-uniwersytetu-list-rektora-us-na-poczatek-roku-akademickiego-2023-2024\\\/#primaryimage\"},\"image\":{\"@id\":\"https:\\\/\\\/psoin.us.edu.pl\\\/index.php\\\/2023\\\/10\\\/02\\\/powaga-uniwersytetu-list-rektora-us-na-poczatek-roku-akademickiego-2023-2024\\\/#primaryimage\"},\"thumbnailUrl\":\"https:\\\/\\\/psoin.us.edu.pl\\\/wp-content\\\/uploads\\\/2023\\\/10\\\/rektor.jpg\",\"datePublished\":\"2023-10-02T14:09:14+00:00\",\"dateModified\":\"2025-07-03T11:13:24+00:00\",\"breadcrumb\":{\"@id\":\"https:\\\/\\\/psoin.us.edu.pl\\\/index.php\\\/2023\\\/10\\\/02\\\/powaga-uniwersytetu-list-rektora-us-na-poczatek-roku-akademickiego-2023-2024\\\/#breadcrumb\"},\"inLanguage\":\"pl-PL\",\"potentialAction\":[{\"@type\":\"ReadAction\",\"target\":[\"https:\\\/\\\/psoin.us.edu.pl\\\/index.php\\\/2023\\\/10\\\/02\\\/powaga-uniwersytetu-list-rektora-us-na-poczatek-roku-akademickiego-2023-2024\\\/\"]}]},{\"@type\":\"ImageObject\",\"inLanguage\":\"pl-PL\",\"@id\":\"https:\\\/\\\/psoin.us.edu.pl\\\/index.php\\\/2023\\\/10\\\/02\\\/powaga-uniwersytetu-list-rektora-us-na-poczatek-roku-akademickiego-2023-2024\\\/#primaryimage\",\"url\":\"https:\\\/\\\/psoin.us.edu.pl\\\/wp-content\\\/uploads\\\/2023\\\/10\\\/rektor.jpg\",\"contentUrl\":\"https:\\\/\\\/psoin.us.edu.pl\\\/wp-content\\\/uploads\\\/2023\\\/10\\\/rektor.jpg\",\"width\":600,\"height\":401,\"caption\":\"Prof. Ryszard Kozio\u0142ek, rektor Uniwersytetu \u015al\u0105skiego w Katowicach \\\/ fot. Julia Agnieszka Szymala\"},{\"@type\":\"BreadcrumbList\",\"@id\":\"https:\\\/\\\/psoin.us.edu.pl\\\/index.php\\\/2023\\\/10\\\/02\\\/powaga-uniwersytetu-list-rektora-us-na-poczatek-roku-akademickiego-2023-2024\\\/#breadcrumb\",\"itemListElement\":[{\"@type\":\"ListItem\",\"position\":1,\"name\":\"Strona g\u0142\u00f3wna\",\"item\":\"https:\\\/\\\/psoin.us.edu.pl\\\/\"},{\"@type\":\"ListItem\",\"position\":2,\"name\":\"List rektora U\u015a na pocz\u0105tek roku akademickiego 2023\\\/2024\"}]},{\"@type\":\"WebSite\",\"@id\":\"https:\\\/\\\/psoin.us.edu.pl\\\/#website\",\"url\":\"https:\\\/\\\/psoin.us.edu.pl\\\/\",\"name\":\"Studia podyplomowe ochrona informacji niejawnych i administracja bezpiecze\u0144stwa informacji\",\"description\":\"\",\"publisher\":{\"@id\":\"https:\\\/\\\/psoin.us.edu.pl\\\/#organization\"},\"potentialAction\":[{\"@type\":\"SearchAction\",\"target\":{\"@type\":\"EntryPoint\",\"urlTemplate\":\"https:\\\/\\\/psoin.us.edu.pl\\\/?s={search_term_string}\"},\"query-input\":{\"@type\":\"PropertyValueSpecification\",\"valueRequired\":true,\"valueName\":\"search_term_string\"}}],\"inLanguage\":\"pl-PL\"},{\"@type\":\"Organization\",\"@id\":\"https:\\\/\\\/psoin.us.edu.pl\\\/#organization\",\"name\":\"Uniwersytet \u015al\u0105ski\",\"url\":\"https:\\\/\\\/psoin.us.edu.pl\\\/\",\"logo\":{\"@type\":\"ImageObject\",\"inLanguage\":\"pl-PL\",\"@id\":\"https:\\\/\\\/psoin.us.edu.pl\\\/#\\\/schema\\\/logo\\\/image\\\/\",\"url\":\"https:\\\/\\\/psoin.us.edu.pl\\\/wp-content\\\/uploads\\\/2025\\\/07\\\/cropped-2.png\",\"contentUrl\":\"https:\\\/\\\/psoin.us.edu.pl\\\/wp-content\\\/uploads\\\/2025\\\/07\\\/cropped-2.png\",\"width\":1792,\"height\":512,\"caption\":\"Uniwersytet \u015al\u0105ski\"},\"image\":{\"@id\":\"https:\\\/\\\/psoin.us.edu.pl\\\/#\\\/schema\\\/logo\\\/image\\\/\"}},{\"@type\":\"Person\",\"@id\":\"https:\\\/\\\/psoin.us.edu.pl\\\/#\\\/schema\\\/person\\\/21aa07e1301f9ce2bd363cad5ea8dfc7\",\"name\":\"admin\",\"image\":{\"@type\":\"ImageObject\",\"inLanguage\":\"pl-PL\",\"@id\":\"https:\\\/\\\/secure.gravatar.com\\\/avatar\\\/22d5d1a4f82c59dd075a47b348a3f15e2013f730285b64327a4518c4365bd9f4?s=96&d=mm&r=g\",\"url\":\"https:\\\/\\\/secure.gravatar.com\\\/avatar\\\/22d5d1a4f82c59dd075a47b348a3f15e2013f730285b64327a4518c4365bd9f4?s=96&d=mm&r=g\",\"contentUrl\":\"https:\\\/\\\/secure.gravatar.com\\\/avatar\\\/22d5d1a4f82c59dd075a47b348a3f15e2013f730285b64327a4518c4365bd9f4?s=96&d=mm&r=g\",\"caption\":\"admin\"},\"sameAs\":[\"https:\\\/\\\/psoin.new.us.edu.pl\"],\"url\":\"https:\\\/\\\/psoin.us.edu.pl\\\/index.php\\\/author\\\/psoin\\\/\"}]}<\/script>\n<!-- \/ Yoast SEO plugin. -->","yoast_head_json":{"title":"List rektora U\u015a na pocz\u0105tek roku akademickiego 2023\/2024 -","robots":{"index":"index","follow":"follow","max-snippet":"max-snippet:-1","max-image-preview":"max-image-preview:large","max-video-preview":"max-video-preview:-1"},"canonical":"https:\/\/psoin.us.edu.pl\/index.php\/2023\/10\/02\/powaga-uniwersytetu-list-rektora-us-na-poczatek-roku-akademickiego-2023-2024\/","og_locale":"pl_PL","og_type":"article","og_title":"List rektora U\u015a na pocz\u0105tek roku akademickiego 2023\/2024 -","og_description":"Drodzy \u2013 Uczone i Uczeni, Studentki i Studenci, Doktorantki i Doktoranci, Pracowniczki i Pracownicy Uniwersytetu \u015al\u0105skiego! 1. \u201eNie wyg\u0142upiajmy si\u0119 \u2013 \u015bwiat jest jeden\u201d \u2013 napisa\u0142a niegdy\u015b Olga Tokarczuk. To proste napomnienie wraca do mnie na pocz\u0105tku nowego roku akademickiego. Jedno\u015b\u0107 \u015bwiata, o kt\u00f3rej mowa, nie opiera si\u0119 na podobie\u0144stwie jednostek, spo\u0142ecze\u0144stw, kultur czy historii, [&hellip;]","og_url":"https:\/\/psoin.us.edu.pl\/index.php\/2023\/10\/02\/powaga-uniwersytetu-list-rektora-us-na-poczatek-roku-akademickiego-2023-2024\/","article_published_time":"2023-10-02T14:09:14+00:00","article_modified_time":"2025-07-03T11:13:24+00:00","og_image":[{"width":600,"height":401,"url":"https:\/\/psoin.us.edu.pl\/wp-content\/uploads\/2023\/10\/rektor.jpg","type":"image\/jpeg"}],"author":"admin","twitter_card":"summary_large_image","twitter_misc":{"Napisane przez":"admin","Szacowany czas czytania":"7 minut"},"schema":{"@context":"https:\/\/schema.org","@graph":[{"@type":"Article","@id":"https:\/\/psoin.us.edu.pl\/index.php\/2023\/10\/02\/powaga-uniwersytetu-list-rektora-us-na-poczatek-roku-akademickiego-2023-2024\/#article","isPartOf":{"@id":"https:\/\/psoin.us.edu.pl\/index.php\/2023\/10\/02\/powaga-uniwersytetu-list-rektora-us-na-poczatek-roku-akademickiego-2023-2024\/"},"author":{"name":"admin","@id":"https:\/\/psoin.us.edu.pl\/#\/schema\/person\/21aa07e1301f9ce2bd363cad5ea8dfc7"},"headline":"List rektora U\u015a na pocz\u0105tek roku akademickiego 2023\/2024","datePublished":"2023-10-02T14:09:14+00:00","dateModified":"2025-07-03T11:13:24+00:00","mainEntityOfPage":{"@id":"https:\/\/psoin.us.edu.pl\/index.php\/2023\/10\/02\/powaga-uniwersytetu-list-rektora-us-na-poczatek-roku-akademickiego-2023-2024\/"},"wordCount":1437,"publisher":{"@id":"https:\/\/psoin.us.edu.pl\/#organization"},"image":{"@id":"https:\/\/psoin.us.edu.pl\/index.php\/2023\/10\/02\/powaga-uniwersytetu-list-rektora-us-na-poczatek-roku-akademickiego-2023-2024\/#primaryimage"},"thumbnailUrl":"https:\/\/psoin.us.edu.pl\/wp-content\/uploads\/2023\/10\/rektor.jpg","articleSection":["wiadomo\u015bci"],"inLanguage":"pl-PL"},{"@type":"WebPage","@id":"https:\/\/psoin.us.edu.pl\/index.php\/2023\/10\/02\/powaga-uniwersytetu-list-rektora-us-na-poczatek-roku-akademickiego-2023-2024\/","url":"https:\/\/psoin.us.edu.pl\/index.php\/2023\/10\/02\/powaga-uniwersytetu-list-rektora-us-na-poczatek-roku-akademickiego-2023-2024\/","name":"List rektora U\u015a na pocz\u0105tek roku akademickiego 2023\/2024 -","isPartOf":{"@id":"https:\/\/psoin.us.edu.pl\/#website"},"primaryImageOfPage":{"@id":"https:\/\/psoin.us.edu.pl\/index.php\/2023\/10\/02\/powaga-uniwersytetu-list-rektora-us-na-poczatek-roku-akademickiego-2023-2024\/#primaryimage"},"image":{"@id":"https:\/\/psoin.us.edu.pl\/index.php\/2023\/10\/02\/powaga-uniwersytetu-list-rektora-us-na-poczatek-roku-akademickiego-2023-2024\/#primaryimage"},"thumbnailUrl":"https:\/\/psoin.us.edu.pl\/wp-content\/uploads\/2023\/10\/rektor.jpg","datePublished":"2023-10-02T14:09:14+00:00","dateModified":"2025-07-03T11:13:24+00:00","breadcrumb":{"@id":"https:\/\/psoin.us.edu.pl\/index.php\/2023\/10\/02\/powaga-uniwersytetu-list-rektora-us-na-poczatek-roku-akademickiego-2023-2024\/#breadcrumb"},"inLanguage":"pl-PL","potentialAction":[{"@type":"ReadAction","target":["https:\/\/psoin.us.edu.pl\/index.php\/2023\/10\/02\/powaga-uniwersytetu-list-rektora-us-na-poczatek-roku-akademickiego-2023-2024\/"]}]},{"@type":"ImageObject","inLanguage":"pl-PL","@id":"https:\/\/psoin.us.edu.pl\/index.php\/2023\/10\/02\/powaga-uniwersytetu-list-rektora-us-na-poczatek-roku-akademickiego-2023-2024\/#primaryimage","url":"https:\/\/psoin.us.edu.pl\/wp-content\/uploads\/2023\/10\/rektor.jpg","contentUrl":"https:\/\/psoin.us.edu.pl\/wp-content\/uploads\/2023\/10\/rektor.jpg","width":600,"height":401,"caption":"Prof. Ryszard Kozio\u0142ek, rektor Uniwersytetu \u015al\u0105skiego w Katowicach \/ fot. Julia Agnieszka Szymala"},{"@type":"BreadcrumbList","@id":"https:\/\/psoin.us.edu.pl\/index.php\/2023\/10\/02\/powaga-uniwersytetu-list-rektora-us-na-poczatek-roku-akademickiego-2023-2024\/#breadcrumb","itemListElement":[{"@type":"ListItem","position":1,"name":"Strona g\u0142\u00f3wna","item":"https:\/\/psoin.us.edu.pl\/"},{"@type":"ListItem","position":2,"name":"List rektora U\u015a na pocz\u0105tek roku akademickiego 2023\/2024"}]},{"@type":"WebSite","@id":"https:\/\/psoin.us.edu.pl\/#website","url":"https:\/\/psoin.us.edu.pl\/","name":"Studia podyplomowe ochrona informacji niejawnych i administracja bezpiecze\u0144stwa informacji","description":"","publisher":{"@id":"https:\/\/psoin.us.edu.pl\/#organization"},"potentialAction":[{"@type":"SearchAction","target":{"@type":"EntryPoint","urlTemplate":"https:\/\/psoin.us.edu.pl\/?s={search_term_string}"},"query-input":{"@type":"PropertyValueSpecification","valueRequired":true,"valueName":"search_term_string"}}],"inLanguage":"pl-PL"},{"@type":"Organization","@id":"https:\/\/psoin.us.edu.pl\/#organization","name":"Uniwersytet \u015al\u0105ski","url":"https:\/\/psoin.us.edu.pl\/","logo":{"@type":"ImageObject","inLanguage":"pl-PL","@id":"https:\/\/psoin.us.edu.pl\/#\/schema\/logo\/image\/","url":"https:\/\/psoin.us.edu.pl\/wp-content\/uploads\/2025\/07\/cropped-2.png","contentUrl":"https:\/\/psoin.us.edu.pl\/wp-content\/uploads\/2025\/07\/cropped-2.png","width":1792,"height":512,"caption":"Uniwersytet \u015al\u0105ski"},"image":{"@id":"https:\/\/psoin.us.edu.pl\/#\/schema\/logo\/image\/"}},{"@type":"Person","@id":"https:\/\/psoin.us.edu.pl\/#\/schema\/person\/21aa07e1301f9ce2bd363cad5ea8dfc7","name":"admin","image":{"@type":"ImageObject","inLanguage":"pl-PL","@id":"https:\/\/secure.gravatar.com\/avatar\/22d5d1a4f82c59dd075a47b348a3f15e2013f730285b64327a4518c4365bd9f4?s=96&d=mm&r=g","url":"https:\/\/secure.gravatar.com\/avatar\/22d5d1a4f82c59dd075a47b348a3f15e2013f730285b64327a4518c4365bd9f4?s=96&d=mm&r=g","contentUrl":"https:\/\/secure.gravatar.com\/avatar\/22d5d1a4f82c59dd075a47b348a3f15e2013f730285b64327a4518c4365bd9f4?s=96&d=mm&r=g","caption":"admin"},"sameAs":["https:\/\/psoin.new.us.edu.pl"],"url":"https:\/\/psoin.us.edu.pl\/index.php\/author\/psoin\/"}]}},"_links":{"self":[{"href":"https:\/\/psoin.us.edu.pl\/index.php\/wp-json\/wp\/v2\/posts\/79","targetHints":{"allow":["GET"]}}],"collection":[{"href":"https:\/\/psoin.us.edu.pl\/index.php\/wp-json\/wp\/v2\/posts"}],"about":[{"href":"https:\/\/psoin.us.edu.pl\/index.php\/wp-json\/wp\/v2\/types\/post"}],"author":[{"embeddable":true,"href":"https:\/\/psoin.us.edu.pl\/index.php\/wp-json\/wp\/v2\/users\/1"}],"replies":[{"embeddable":true,"href":"https:\/\/psoin.us.edu.pl\/index.php\/wp-json\/wp\/v2\/comments?post=79"}],"version-history":[{"count":2,"href":"https:\/\/psoin.us.edu.pl\/index.php\/wp-json\/wp\/v2\/posts\/79\/revisions"}],"predecessor-version":[{"id":113,"href":"https:\/\/psoin.us.edu.pl\/index.php\/wp-json\/wp\/v2\/posts\/79\/revisions\/113"}],"wp:featuredmedia":[{"embeddable":true,"href":"https:\/\/psoin.us.edu.pl\/index.php\/wp-json\/wp\/v2\/media\/80"}],"wp:attachment":[{"href":"https:\/\/psoin.us.edu.pl\/index.php\/wp-json\/wp\/v2\/media?parent=79"}],"wp:term":[{"taxonomy":"category","embeddable":true,"href":"https:\/\/psoin.us.edu.pl\/index.php\/wp-json\/wp\/v2\/categories?post=79"},{"taxonomy":"post_tag","embeddable":true,"href":"https:\/\/psoin.us.edu.pl\/index.php\/wp-json\/wp\/v2\/tags?post=79"}],"curies":[{"name":"wp","href":"https:\/\/api.w.org\/{rel}","templated":true}]}}